{"id":333694,"date":"2024-07-13T16:28:45","date_gmt":"2024-07-13T13:28:45","guid":{"rendered":"https:\/\/sana.sy\/es\/?p=333694"},"modified":"2024-07-13T16:32:07","modified_gmt":"2024-07-13T13:32:07","slug":"siria-culmina-preparativos-para-las-elecciones-legislativas-del-proximo-lunes","status":"publish","type":"post","link":"https:\/\/archive.sana.sy\/es\/?p=333694","title":{"rendered":"Siria culmina preparativos para las elecciones legislativas del pr\u00f3ximo lunes"},"content":{"rendered":"<p style=\"text-align: justify;\"><strong><span style=\"color: #800000;\">Damasco, 13 jul (SANA) <\/span><\/strong>El jefe de la Alta Comisi\u00f3n Judicial Electoral, Jihad Murad, dijo hoy que las elecciones de la Asamblea del Pueblo (Parlamento) se celebrar\u00e1n en su fecha constitucional y legal, prevista para el lunes 15 de julio, y denunci\u00f3 los intentos de algunas organizaciones terroristas y milicias separatistas de impedir que los ciudadanos ejerzan su derecho electoral.<\/p>\n<p style=\"text-align: justify;\">En declaraciones a SANA, Murad explic\u00f3 que las elecciones legislativas se llevan a cabo completamente bajo supervisi\u00f3n judicial, desde la nominaci\u00f3n de los candidatos hasta el anuncio de los resultados, lo que refleja el respeto a los marcos constitucionales.<\/p>\n<p style=\"text-align: justify;\"><a href=\"http:\/\/sana.sy\/es\/wp-content\/uploads\/2024\/07\/photo_2024-06-25_15-06-02-copy-660x330-1.jpg\"><img loading=\"lazy\" decoding=\"async\" class=\" wp-image-333697 alignleft\" src=\"http:\/\/sana.sy\/es\/wp-content\/uploads\/2024\/07\/photo_2024-06-25_15-06-02-copy-660x330-1.jpg\" alt=\"\" width=\"402\" height=\"201\" srcset=\"https:\/\/archive.sana.sy\/es\/wp-content\/uploads\/2024\/07\/photo_2024-06-25_15-06-02-copy-660x330-1.jpg 660w, https:\/\/archive.sana.sy\/es\/wp-content\/uploads\/2024\/07\/photo_2024-06-25_15-06-02-copy-660x330-1-300x150.jpg 300w, https:\/\/archive.sana.sy\/es\/wp-content\/uploads\/2024\/07\/photo_2024-06-25_15-06-02-copy-660x330-1-150x75.jpg 150w\" sizes=\"(max-width: 402px) 100vw, 402px\" \/><\/a>Aclar\u00f3 que se equiparon 8 mil 151 centros de votaci\u00f3n en todas las provincias, teniendo en cuenta las grandes concentraciones residenciales y laborales.<\/p>\n<p style=\"text-align: justify;\">\u201cEl n\u00famero total de candidatos lleg\u00f3 a 8 mil 953, de los cuales 7 mil 437 candidatos se retiraron, y mil 516 siguen compitiendo para ocupar los 250 esca\u00f1os en la Asamblea del Pueblo\u201d, dijo el jefe de la Alta Comisi\u00f3n Judicial Electoral.<\/p>\n<p style=\"text-align: justify;\">En cuanto al equipamiento log\u00edstico, Murad confirm\u00f3 que el Ministerio del Interior hab\u00eda asegurado todos los suministros para el proceso electoral de tinta secreta, sobres, actas de escrutinio y material de oficina.<\/p>\n<p style=\"text-align: justify;\">En cuanto al silencio electoral, confirm\u00f3 que la propaganda electoral contin\u00faa y cesa 24 horas antes del d\u00eda se\u00f1alado para las elecciones, y el d\u00eda de elecciones los centros de votaci\u00f3n abren sus puertas para recibir a los electores a partir de las 7:00am y cierran a las 7:00 pm del mismo d\u00eda.<\/p>\n<p style=\"text-align: justify;\">El art\u00edculo 64 de la Ley Electoral autoriz\u00f3 al Comit\u00e9 Judicial Supremo para las Elecciones a prorrogar el per\u00edodo electoral por un m\u00e1ximo de cinco horas en todos o en algunos colegios.<\/p>\n<p>fm\/ed<\/p>\n","protected":false},"excerpt":{"rendered":"<p>Damasco, 13 jul (SANA) El jefe de la Alta Comisi\u00f3n Judicial Electoral, Jihad Murad, dijo hoy que las elecciones de la Asamblea del Pueblo (Parlamento) se celebrar\u00e1n en su fecha constitucional y legal, prevista para el lunes 15 de julio, y denunci\u00f3 los intentos de algunas organizaciones terroristas y milicias separatistas de impedir que los &hellip;<\/p>\n","protected":false},"author":32,"featured_media":333695,"comment_status":"closed","ping_status":"closed","sticky":false,"template":"","format":"standard","meta":{"footnotes":""},"categories":[477,447,597,20724,476,583],"tags":[],"class_list":["post-333694","post","type-post","status-publish","format-standard","has-post-thumbnail","","category-noticias-edulcorantes","category-local-politica","category-cinta-de-noticias","category-minuto-a-minuto","category-locales","category-slide"],"_links":{"self":[{"href":"https:\/\/archive.sana.sy\/es\/index.php?rest_route=\/wp\/v2\/posts\/333694"}],"collection":[{"href":"https:\/\/archive.sana.sy\/es\/index.php?rest_route=\/wp\/v2\/posts"}],"about":[{"href":"https:\/\/archive.sana.sy\/es\/index.php?rest_route=\/wp\/v2\/types\/post"}],"author":[{"embeddable":true,"href":"https:\/\/archive.sana.sy\/es\/index.php?rest_route=\/wp\/v2\/users\/32"}],"replies":[{"embeddable":true,"href":"https:\/\/archive.sana.sy\/es\/index.php?rest_route=%2Fwp%2Fv2%2Fcomments&post=333694"}],"version-history":[{"count":4,"href":"https:\/\/archive.sana.sy\/es\/index.php?rest_route=\/wp\/v2\/posts\/333694\/revisions"}],"predecessor-version":[{"id":333700,"href":"https:\/\/archive.sana.sy\/es\/index.php?rest_route=\/wp\/v2\/posts\/333694\/revisions\/333700"}],"wp:featuredmedia":[{"embeddable":true,"href":"https:\/\/archive.sana.sy\/es\/index.php?rest_route=\/wp\/v2\/media\/333695"}],"wp:attachment":[{"href":"https:\/\/archive.sana.sy\/es\/index.php?rest_route=%2Fwp%2Fv2%2Fmedia&parent=333694"}],"wp:term":[{"taxonomy":"category","embeddable":true,"href":"https:\/\/archive.sana.sy\/es\/index.php?rest_route=%2Fwp%2Fv2%2Fcategories&post=333694"},{"taxonomy":"post_tag","embeddable":true,"href":"https:\/\/archive.sana.sy\/es\/index.php?rest_route=%2Fwp%2Fv2%2Ftags&post=333694"}],"curies":[{"name":"wp","href":"https:\/\/api.w.org\/{rel}","templated":true}]}}