{"id":333703,"date":"2024-07-13T15:58:19","date_gmt":"2024-07-13T12:58:19","guid":{"rendered":"https:\/\/sana.sy\/es\/?p=333703"},"modified":"2024-07-13T16:00:41","modified_gmt":"2024-07-13T13:00:41","slug":"grupo-venezolano-fabiola-jose-trio-ofrece-concierto-en-siria-video","status":"publish","type":"post","link":"https:\/\/archive.sana.sy\/es\/?p=333703","title":{"rendered":"Grupo venezolano Fabiola Jos\u00e9 Tr\u00edo ofrece concierto en Siria (+ video)"},"content":{"rendered":"<p style=\"text-align: justify;\"><span style=\"color: #800000;\"><strong>Damasco, 13 jul (SANA)<\/strong><\/span> El concierto del grupo de m\u00fasica popular venezolana \u201cFabiola Jos\u00e9 Tr\u00edo\u201d, proyecto denominado #HechoEnCasa, se efectu\u00f3 en el hist\u00f3rico Palacio Azem de la capital siria Damasco, en el \u00e1mbito del tour de los m\u00fasicos \u201cVenezuela habla cantando\u201d.<\/p>\n<p style=\"text-align: justify;\">El grupo est\u00e1 compuesto por una familia de m\u00fasicos: Fabiola Jos\u00e9 Gonz\u00e1lez, cantante; Fidel Barbarito en el cuatro, profesor de la Universidad Nacional Experimental de las Artes (Unearte) y Sim\u00f3n Barbarito, maraquero y percursionista, fundador en el 2014 del programa \u201cMi juguete es canci\u00f3n\u201d.<\/p>\n<p style=\"text-align: justify;\">En 2018 dieron vida al proyecto #HechoEnCasa, que es el resultado de cuatro a\u00f1os de creaci\u00f3n y exploraci\u00f3n de un repertorio de la tradici\u00f3n popular que mediante plataformas digitales integran la experiencia familiar a la m\u00fasica tradicional venezolana.<\/p>\n<p style=\"text-align: justify;\">fm\/nd\/ed<\/p>\n<p style=\"text-align: justify;\"><iframe loading=\"lazy\" title=\"Grupo venezolano Fabiola Jos\u00e9 Tr\u00edo ofrece concierto en lugar hist\u00f3rico en Siria\" src=\"https:\/\/www.youtube.com\/embed\/YPpWcfFr5YQ\" width=\"800\" height=\"400\" frameborder=\"0\" allowfullscreen=\"allowfullscreen\"><span data-mce-type=\"bookmark\" style=\"display: inline-block; width: 0px; overflow: hidden; line-height: 0;\" class=\"mce_SELRES_start\">\ufeff<\/span><\/iframe><\/p>\n","protected":false},"excerpt":{"rendered":"<p>Damasco, 13 jul (SANA) El concierto del grupo de m\u00fasica popular venezolana \u201cFabiola Jos\u00e9 Tr\u00edo\u201d, proyecto denominado #HechoEnCasa, se efectu\u00f3 en el hist\u00f3rico Palacio Azem de la capital siria Damasco, en el \u00e1mbito del tour de los m\u00fasicos \u201cVenezuela habla cantando\u201d. El grupo est\u00e1 compuesto por una familia de m\u00fasicos: Fabiola Jos\u00e9 Gonz\u00e1lez, cantante; Fidel &hellip;<\/p>\n","protected":false},"author":32,"featured_media":333704,"comment_status":"closed","ping_status":"closed","sticky":false,"template":"","format":"standard","meta":{"footnotes":""},"categories":[597,510,20724,583,624],"tags":[],"class_list":["post-333703","post","type-post","status-publish","format-standard","has-post-thumbnail","","category-cinta-de-noticias","category-arte-y-cultura","category-minuto-a-minuto","category-slide","category-video-sana"],"_links":{"self":[{"href":"https:\/\/archive.sana.sy\/es\/index.php?rest_route=\/wp\/v2\/posts\/333703"}],"collection":[{"href":"https:\/\/archive.sana.sy\/es\/index.php?rest_route=\/wp\/v2\/posts"}],"about":[{"href":"https:\/\/archive.sana.sy\/es\/index.php?rest_route=\/wp\/v2\/types\/post"}],"author":[{"embeddable":true,"href":"https:\/\/archive.sana.sy\/es\/index.php?rest_route=\/wp\/v2\/users\/32"}],"replies":[{"embeddable":true,"href":"https:\/\/archive.sana.sy\/es\/index.php?rest_route=%2Fwp%2Fv2%2Fcomments&post=333703"}],"version-history":[{"count":3,"href":"https:\/\/archive.sana.sy\/es\/index.php?rest_route=\/wp\/v2\/posts\/333703\/revisions"}],"predecessor-version":[{"id":333707,"href":"https:\/\/archive.sana.sy\/es\/index.php?rest_route=\/wp\/v2\/posts\/333703\/revisions\/333707"}],"wp:featuredmedia":[{"embeddable":true,"href":"https:\/\/archive.sana.sy\/es\/index.php?rest_route=\/wp\/v2\/media\/333704"}],"wp:attachment":[{"href":"https:\/\/archive.sana.sy\/es\/index.php?rest_route=%2Fwp%2Fv2%2Fmedia&parent=333703"}],"wp:term":[{"taxonomy":"category","embeddable":true,"href":"https:\/\/archive.sana.sy\/es\/index.php?rest_route=%2Fwp%2Fv2%2Fcategories&post=333703"},{"taxonomy":"post_tag","embeddable":true,"href":"https:\/\/archive.sana.sy\/es\/index.php?rest_route=%2Fwp%2Fv2%2Ftags&post=333703"}],"curies":[{"name":"wp","href":"https:\/\/api.w.org\/{rel}","templated":true}]}}