{"id":333718,"date":"2024-07-13T17:24:05","date_gmt":"2024-07-13T14:24:05","guid":{"rendered":"https:\/\/sana.sy\/es\/?p=333718"},"modified":"2024-07-13T17:44:11","modified_gmt":"2024-07-13T14:44:11","slug":"siria-reacciona-a-iniciativas-encaminadas-a-normalizar-las-relaciones-sirio-turcas","status":"publish","type":"post","link":"https:\/\/archive.sana.sy\/es\/?p=333718","title":{"rendered":"Siria reacciona a iniciativas encaminadas a normalizar las relaciones sirio-turcas"},"content":{"rendered":"<p style=\"text-align: justify;\"><span style=\"color: #800000;\"><strong>Damasco, 13 jul (SANA)<\/strong><\/span> El Ministerio sirio de Asuntos Exteriores y Expatriados declar\u00f3 hoy que cualquier iniciativa encaminada a normalizar las relaciones entre Siria y Turkiye debe construirse sobre bases claras que garantizan el alcance de los resultados deseados.<\/p>\n<p style=\"text-align: justify;\">Estos resultados consisten en la recuperaci\u00f3n de la normalidad de las relaciones, la retirada de fuerzas presentes ilegalmente en territorio sirio y la lucha contra grupos terroristas que no amenazan no s\u00f3lo la seguridad de Siria, sino tambi\u00e9n la seguridad de Turkiye, precis\u00f3 la Canciller\u00eda en una declaraci\u00f3n emitida hoy.<\/p>\n<p style=\"text-align: justify;\">La nota record\u00f3 que Damasco siempre ha querido hacer una distinci\u00f3n clara entre los pueblos por un lado, y las pol\u00edticas y pr\u00e1cticas de los gobiernos que han perjudicado a Siria y a sus propios pa\u00edses, por otro lado.<\/p>\n<p style=\"text-align: justify;\">Reafirm\u00f3 que Siria est\u00e1 firmemente convencida en que los intereses de los pa\u00edses se construyen sobre la relaci\u00f3n sana y no sobre la confrontaci\u00f3n u hostilidad.<\/p>\n<p style=\"text-align: justify;\">Es por ello, hemos tratado positivamente con las diversas iniciativas que se plantearon con miras a mejorar y corregir las relaciones sirio-turcas\u201d, indic\u00f3 Canciller\u00eda.<\/p>\n<p style=\"text-align: justify;\">Expres\u00f3 el agradecimiento y aprecio de Damasco a los pa\u00edses que est\u00e1n haciendo esfuerzos sinceros para corregir la relaci\u00f3n sirio-turca.<\/p>\n<p style=\"text-align: justify;\">La normalizaci\u00f3n de la relaci\u00f3n entre Damasco y Ankara debe basarse en el retorno a la situaci\u00f3n anterior al a\u00f1o 2011, y ello es esencial para la seguridad y estabilidad de los dos pa\u00edses, Concluy\u00f3 el Ministerio de Exteriores su comunicado.<\/p>\n<p>fm\/ed<\/p>\n","protected":false},"excerpt":{"rendered":"<p>Damasco, 13 jul (SANA) El Ministerio sirio de Asuntos Exteriores y Expatriados declar\u00f3 hoy que cualquier iniciativa encaminada a normalizar las relaciones entre Siria y Turkiye debe construirse sobre bases claras que garantizan el alcance de los resultados deseados. Estos resultados consisten en la recuperaci\u00f3n de la normalidad de las relaciones, la retirada de fuerzas &hellip;<\/p>\n","protected":false},"author":32,"featured_media":333719,"comment_status":"closed","ping_status":"closed","sticky":false,"template":"","format":"standard","meta":{"footnotes":""},"categories":[477,447,597,20724,467,583],"tags":[],"class_list":["post-333718","post","type-post","status-publish","format-standard","has-post-thumbnail","","category-noticias-edulcorantes","category-local-politica","category-cinta-de-noticias","category-minuto-a-minuto","category-siria-y-el-mundo","category-slide"],"_links":{"self":[{"href":"https:\/\/archive.sana.sy\/es\/index.php?rest_route=\/wp\/v2\/posts\/333718"}],"collection":[{"href":"https:\/\/archive.sana.sy\/es\/index.php?rest_route=\/wp\/v2\/posts"}],"about":[{"href":"https:\/\/archive.sana.sy\/es\/index.php?rest_route=\/wp\/v2\/types\/post"}],"author":[{"embeddable":true,"href":"https:\/\/archive.sana.sy\/es\/index.php?rest_route=\/wp\/v2\/users\/32"}],"replies":[{"embeddable":true,"href":"https:\/\/archive.sana.sy\/es\/index.php?rest_route=%2Fwp%2Fv2%2Fcomments&post=333718"}],"version-history":[{"count":1,"href":"https:\/\/archive.sana.sy\/es\/index.php?rest_route=\/wp\/v2\/posts\/333718\/revisions"}],"predecessor-version":[{"id":333720,"href":"https:\/\/archive.sana.sy\/es\/index.php?rest_route=\/wp\/v2\/posts\/333718\/revisions\/333720"}],"wp:featuredmedia":[{"embeddable":true,"href":"https:\/\/archive.sana.sy\/es\/index.php?rest_route=\/wp\/v2\/media\/333719"}],"wp:attachment":[{"href":"https:\/\/archive.sana.sy\/es\/index.php?rest_route=%2Fwp%2Fv2%2Fmedia&parent=333718"}],"wp:term":[{"taxonomy":"category","embeddable":true,"href":"https:\/\/archive.sana.sy\/es\/index.php?rest_route=%2Fwp%2Fv2%2Fcategories&post=333718"},{"taxonomy":"post_tag","embeddable":true,"href":"https:\/\/archive.sana.sy\/es\/index.php?rest_route=%2Fwp%2Fv2%2Ftags&post=333718"}],"curies":[{"name":"wp","href":"https:\/\/api.w.org\/{rel}","templated":true}]}}