{"id":33373,"date":"2015-11-12T14:03:08","date_gmt":"2015-11-12T12:03:08","guid":{"rendered":"http:\/\/www.sana.sy\/es\/?p=33373"},"modified":"2015-11-12T19:17:55","modified_gmt":"2015-11-12T17:17:55","slug":"al-moallem-recibe-una-copia-de-las-cartas-credenciales-del-embajador-de-cuba-en-siria","status":"publish","type":"post","link":"https:\/\/archive.sana.sy\/es\/?p=33373","title":{"rendered":"Al-Moallem recibe una copia de las cartas credenciales del Embajador de Cuba en Siria"},"content":{"rendered":"<p><span style=\"color: #800000\">Damasco, SANA<\/span><\/p>\n<p>El Viceprimer Ministro y Ministro de Exteriores y Expatriados, Walid al-Moallem, recibi\u00f3 este jueves a Rogerio Manuel Santana Rodr\u00edguez, el nuevo embajador de la Rep\u00fablica de Cuba.<\/p>\n<p>El canciller recibi\u00f3 una copia de las cartas credenciales de Rodr\u00edguez como Embajador Extraordinario y Plenipotenciario de su pa\u00eds en la Rep\u00fablica \u00c1rabe Siria.<\/p>\n<p>Las conversaciones durante la reuni\u00f3n abordaron las relaciones bilaterales entre los dos pa\u00edses amigos y las v\u00edas de reforzarlas en lo pol\u00edtico, econ\u00f3mico y cultural.<\/p>\n<p>Ambos aseguraron que los dos pa\u00edses se enfrentan a retos comunes que reafirman la importancia de concentrar los esfuerzos de los dos pa\u00edses.<\/p>\n<p><span style=\"color: #000000\">Fady M., Hala B.<\/span><\/p>\n","protected":false},"excerpt":{"rendered":"<p>Damasco, SANA El Viceprimer Ministro y Ministro de Exteriores y Expatriados, Walid al-Moallem, recibi\u00f3 este jueves a Rogerio Manuel Santana Rodr\u00edguez, el nuevo embajador de la Rep\u00fablica de Cuba. El canciller recibi\u00f3 una copia de las cartas credenciales de Rodr\u00edguez como Embajador Extraordinario y Plenipotenciario de su pa\u00eds en la Rep\u00fablica \u00c1rabe Siria. Las conversaciones &hellip;<\/p>\n","protected":false},"author":1,"featured_media":33374,"comment_status":"closed","ping_status":"closed","sticky":false,"template":"","format":"standard","meta":{"footnotes":""},"categories":[477,597,476,576],"tags":[7367],"class_list":["post-33373","post","type-post","status-publish","format-standard","has-post-thumbnail","","category-noticias-edulcorantes","category-cinta-de-noticias","category-locales","category-noticias-politicas","tag-al-moallem-recibe-una-copia-de-las-cartas-credenciales-del-embajador-de-cuba-en-siria"],"_links":{"self":[{"href":"https:\/\/archive.sana.sy\/es\/index.php?rest_route=\/wp\/v2\/posts\/33373"}],"collection":[{"href":"https:\/\/archive.sana.sy\/es\/index.php?rest_route=\/wp\/v2\/posts"}],"about":[{"href":"https:\/\/archive.sana.sy\/es\/index.php?rest_route=\/wp\/v2\/types\/post"}],"author":[{"embeddable":true,"href":"https:\/\/archive.sana.sy\/es\/index.php?rest_route=\/wp\/v2\/users\/1"}],"replies":[{"embeddable":true,"href":"https:\/\/archive.sana.sy\/es\/index.php?rest_route=%2Fwp%2Fv2%2Fcomments&post=33373"}],"version-history":[{"count":0,"href":"https:\/\/archive.sana.sy\/es\/index.php?rest_route=\/wp\/v2\/posts\/33373\/revisions"}],"wp:featuredmedia":[{"embeddable":true,"href":"https:\/\/archive.sana.sy\/es\/index.php?rest_route=\/wp\/v2\/media\/33374"}],"wp:attachment":[{"href":"https:\/\/archive.sana.sy\/es\/index.php?rest_route=%2Fwp%2Fv2%2Fmedia&parent=33373"}],"wp:term":[{"taxonomy":"category","embeddable":true,"href":"https:\/\/archive.sana.sy\/es\/index.php?rest_route=%2Fwp%2Fv2%2Fcategories&post=33373"},{"taxonomy":"post_tag","embeddable":true,"href":"https:\/\/archive.sana.sy\/es\/index.php?rest_route=%2Fwp%2Fv2%2Ftags&post=33373"}],"curies":[{"name":"wp","href":"https:\/\/api.w.org\/{rel}","templated":true}]}}