{"id":333789,"date":"2024-07-14T16:52:06","date_gmt":"2024-07-14T13:52:06","guid":{"rendered":"https:\/\/sana.sy\/es\/?p=333789"},"modified":"2024-07-14T16:52:06","modified_gmt":"2024-07-14T13:52:06","slug":"141-muertos-y-400-heridos-en-nuevas-masacres-cometidas-por-el-ocupante-israeli-en-gaza","status":"publish","type":"post","link":"https:\/\/archive.sana.sy\/es\/?p=333789","title":{"rendered":"141 muertos y 400 heridos en nuevas masacres cometidas por el ocupante israel\u00ed en Gaza"},"content":{"rendered":"<p style=\"text-align: justify;\"><span style=\"color: #800000;\"><strong>Jerusal\u00e9n ocupada, 14 jul (SANA)<\/strong> <\/span>El Ministerio de Salud palestino anunci\u00f3 hoy que las fuerzas del ocupante israel\u00ed cometieron 4 masacres en la Franja de Gaza durante las \u00faltimas 24 horas.<\/p>\n<p style=\"text-align: justify;\">Precis\u00f3 en un comunicado que 141 palestinos perdieron la vida y otros 400 resultaron heridos durante la \u00faltima jornada de agresiones.<\/p>\n<p style=\"text-align: justify;\">Por otro lado, precis\u00f3 que el n\u00famero total de v\u00edctimas durante 282 d\u00edas de agresi\u00f3n aument\u00f3 a 38 mil 584 muertos y 88 mil 881 heridos.<\/p>\n<p style=\"text-align: justify;\">Miles de v\u00edctimas todav\u00eda est\u00e1n bajo los escombros y en las carreteras, y los equipos de ambulancias y de defensa civil no pueden llegar a los mismos, indic\u00f3 el ente de salud.<\/p>\n<p style=\"text-align: justify;\">Durante el d\u00eda de hoy, se report\u00f3 al menos 12 muertos y varios heridos en bombardeo del ocupante israel\u00ed a una escuela que alberga a desplazadas en el campo de Nuseirat en el centro de la Franja de Gaza.<\/p>\n<p style=\"text-align: justify;\">fm\/as<\/p>\n","protected":false},"excerpt":{"rendered":"<p>Jerusal\u00e9n ocupada, 14 jul (SANA) El Ministerio de Salud palestino anunci\u00f3 hoy que las fuerzas del ocupante israel\u00ed cometieron 4 masacres en la Franja de Gaza durante las \u00faltimas 24 horas. Precis\u00f3 en un comunicado que 141 palestinos perdieron la vida y otros 400 resultaron heridos durante la \u00faltima jornada de agresiones. Por otro lado, &hellip;<\/p>\n","protected":false},"author":42,"featured_media":333790,"comment_status":"closed","ping_status":"closed","sticky":false,"template":"","format":"standard","meta":{"footnotes":""},"categories":[597,456,16687,20724,583],"tags":[],"class_list":["post-333789","post","type-post","status-publish","format-standard","has-post-thumbnail","","category-cinta-de-noticias","category-arabe-internacional-politica","category-internacionales","category-minuto-a-minuto","category-slide"],"_links":{"self":[{"href":"https:\/\/archive.sana.sy\/es\/index.php?rest_route=\/wp\/v2\/posts\/333789"}],"collection":[{"href":"https:\/\/archive.sana.sy\/es\/index.php?rest_route=\/wp\/v2\/posts"}],"about":[{"href":"https:\/\/archive.sana.sy\/es\/index.php?rest_route=\/wp\/v2\/types\/post"}],"author":[{"embeddable":true,"href":"https:\/\/archive.sana.sy\/es\/index.php?rest_route=\/wp\/v2\/users\/42"}],"replies":[{"embeddable":true,"href":"https:\/\/archive.sana.sy\/es\/index.php?rest_route=%2Fwp%2Fv2%2Fcomments&post=333789"}],"version-history":[{"count":1,"href":"https:\/\/archive.sana.sy\/es\/index.php?rest_route=\/wp\/v2\/posts\/333789\/revisions"}],"predecessor-version":[{"id":333791,"href":"https:\/\/archive.sana.sy\/es\/index.php?rest_route=\/wp\/v2\/posts\/333789\/revisions\/333791"}],"wp:featuredmedia":[{"embeddable":true,"href":"https:\/\/archive.sana.sy\/es\/index.php?rest_route=\/wp\/v2\/media\/333790"}],"wp:attachment":[{"href":"https:\/\/archive.sana.sy\/es\/index.php?rest_route=%2Fwp%2Fv2%2Fmedia&parent=333789"}],"wp:term":[{"taxonomy":"category","embeddable":true,"href":"https:\/\/archive.sana.sy\/es\/index.php?rest_route=%2Fwp%2Fv2%2Fcategories&post=333789"},{"taxonomy":"post_tag","embeddable":true,"href":"https:\/\/archive.sana.sy\/es\/index.php?rest_route=%2Fwp%2Fv2%2Ftags&post=333789"}],"curies":[{"name":"wp","href":"https:\/\/api.w.org\/{rel}","templated":true}]}}