{"id":333839,"date":"2024-07-15T12:13:57","date_gmt":"2024-07-15T09:13:57","guid":{"rendered":"https:\/\/sana.sy\/es\/?p=333839"},"modified":"2024-07-15T12:18:04","modified_gmt":"2024-07-15T09:18:04","slug":"nuevos-bombardeos-aereos-israelies-contra-gaza-matan-a-cuatro-palestinos","status":"publish","type":"post","link":"https:\/\/archive.sana.sy\/es\/?p=333839","title":{"rendered":"Nuevos bombardeos a\u00e9reos israel\u00edes contra Gaza matan a cuatro palestinos"},"content":{"rendered":"<p style=\"text-align: justify;\"><span style=\"color: #800000;\"><strong>Jerusal\u00e9n ocupada, 15 jul (SANA) <\/strong><\/span>Cuatro palestinos murieron y otros resultaron heridos por bombardeos israel\u00edes contra varias zonas en la Franja de Gaza.<\/p>\n<p style=\"text-align: justify;\">La agencia palestina de noticias WAFA report\u00f3 que los aviones b\u00e9licos israel\u00edes atacaron viviendas en la localidad de Al-Shoka y el \u00e1rea de Al-Mashroua, al este de la ciudad de Rafah, al sur de la Franja de Gaza, lo que provoc\u00f3 la muerte de tres civiles.<\/p>\n<p style=\"text-align: justify;\">Asimismo, un dron israel\u00ed bombarde\u00f3 una casa en la zona de Bir Abu Salah en la localidad de Al-Zawaida, en el centro de Gaza, lo que provoc\u00f3 la muerte de un palestino y heridas a otras personas.<\/p>\n<p style=\"text-align: justify;\">Otro veh\u00edculo a\u00e9reo no tripulado abri\u00f3 fuego contra palestinos al este del barrio de Zaytoun en la ciudad de Gaza, hiriendo a varios de ellos.<\/p>\n<p style=\"text-align: justify;\">El ej\u00e9rcito israel\u00ed bombarde\u00f3 una casa en la localidad de Bani Suhaila, al este de la ciudad de Khan Yunis, en el sur de la Franja de Gaza.<\/p>\n<p style=\"text-align: justify;\">El n\u00famero de v\u00edctimas de la actual agresi\u00f3n israel\u00ed contra Gaza aument\u00f3 a 38.584 m\u00e1rtires y 88.881 heridos.<\/p>\n<p style=\"text-align: justify;\">as\/fm<\/p>\n<p style=\"text-align: justify;\">\n","protected":false},"excerpt":{"rendered":"<p>Jerusal\u00e9n ocupada, 15 jul (SANA) Cuatro palestinos murieron y otros resultaron heridos por bombardeos israel\u00edes contra varias zonas en la Franja de Gaza. La agencia palestina de noticias WAFA report\u00f3 que los aviones b\u00e9licos israel\u00edes atacaron viviendas en la localidad de Al-Shoka y el \u00e1rea de Al-Mashroua, al este de la ciudad de Rafah, al &hellip;<\/p>\n","protected":false},"author":42,"featured_media":333850,"comment_status":"closed","ping_status":"closed","sticky":false,"template":"","format":"standard","meta":{"footnotes":""},"categories":[597,456,16687,20724,7541],"tags":[],"class_list":["post-333839","post","type-post","status-publish","format-standard","has-post-thumbnail","","category-cinta-de-noticias","category-arabe-internacional-politica","category-internacionales","category-minuto-a-minuto","category-ultimas-noticias"],"_links":{"self":[{"href":"https:\/\/archive.sana.sy\/es\/index.php?rest_route=\/wp\/v2\/posts\/333839"}],"collection":[{"href":"https:\/\/archive.sana.sy\/es\/index.php?rest_route=\/wp\/v2\/posts"}],"about":[{"href":"https:\/\/archive.sana.sy\/es\/index.php?rest_route=\/wp\/v2\/types\/post"}],"author":[{"embeddable":true,"href":"https:\/\/archive.sana.sy\/es\/index.php?rest_route=\/wp\/v2\/users\/42"}],"replies":[{"embeddable":true,"href":"https:\/\/archive.sana.sy\/es\/index.php?rest_route=%2Fwp%2Fv2%2Fcomments&post=333839"}],"version-history":[{"count":1,"href":"https:\/\/archive.sana.sy\/es\/index.php?rest_route=\/wp\/v2\/posts\/333839\/revisions"}],"predecessor-version":[{"id":333851,"href":"https:\/\/archive.sana.sy\/es\/index.php?rest_route=\/wp\/v2\/posts\/333839\/revisions\/333851"}],"wp:featuredmedia":[{"embeddable":true,"href":"https:\/\/archive.sana.sy\/es\/index.php?rest_route=\/wp\/v2\/media\/333850"}],"wp:attachment":[{"href":"https:\/\/archive.sana.sy\/es\/index.php?rest_route=%2Fwp%2Fv2%2Fmedia&parent=333839"}],"wp:term":[{"taxonomy":"category","embeddable":true,"href":"https:\/\/archive.sana.sy\/es\/index.php?rest_route=%2Fwp%2Fv2%2Fcategories&post=333839"},{"taxonomy":"post_tag","embeddable":true,"href":"https:\/\/archive.sana.sy\/es\/index.php?rest_route=%2Fwp%2Fv2%2Ftags&post=333839"}],"curies":[{"name":"wp","href":"https:\/\/api.w.org\/{rel}","templated":true}]}}