{"id":333870,"date":"2024-07-15T12:45:14","date_gmt":"2024-07-15T09:45:14","guid":{"rendered":"https:\/\/sana.sy\/es\/?p=333870"},"modified":"2024-07-15T21:15:33","modified_gmt":"2024-07-15T18:15:33","slug":"80-muertos-por-masacres-israelies-cometidas-en-gaza-durante-las-ultimas-24-horas","status":"publish","type":"post","link":"https:\/\/archive.sana.sy\/es\/?p=333870","title":{"rendered":"80 muertos por masacres israel\u00edes cometidas en Gaza durante las \u00faltimas 24 horas"},"content":{"rendered":"<p style=\"text-align: justify;\"><span style=\"color: #800000;\"><strong>Jerusal\u00e9n ocupada, 15 jul (SANA)<\/strong><\/span> El Ministerio de Salud palestino anunci\u00f3 hoy que el ocupante israel\u00ed cometi\u00f3 3 masacres en la Franja de Gaza durante las \u00faltimas 24 horas, que cobraron la vida de 80 palestinos e hirieron a otros 216.<\/p>\n<p style=\"text-align: justify;\">\u201cEl n\u00famero total de v\u00edctimas durante 283 d\u00edas de agresi\u00f3n aument\u00f3 a 38 mil 664 muertos y 89 mil 097 heridos\u201d, inform\u00f3 el ente de salud por medio deun comunicado.<\/p>\n<p style=\"text-align: justify;\"><a href=\"http:\/\/sana.sy\/es\/wp-content\/uploads\/2024\/07\/photo_2024-07-15_15-03-05.jpg\"><img loading=\"lazy\" decoding=\"async\" class=\" wp-image-333872 alignleft\" src=\"http:\/\/sana.sy\/es\/wp-content\/uploads\/2024\/07\/photo_2024-07-15_15-03-05.jpg\" alt=\"\" width=\"375\" height=\"220\" srcset=\"https:\/\/archive.sana.sy\/es\/wp-content\/uploads\/2024\/07\/photo_2024-07-15_15-03-05.jpg 979w, https:\/\/archive.sana.sy\/es\/wp-content\/uploads\/2024\/07\/photo_2024-07-15_15-03-05-300x177.jpg 300w, https:\/\/archive.sana.sy\/es\/wp-content\/uploads\/2024\/07\/photo_2024-07-15_15-03-05-150x88.jpg 150w, https:\/\/archive.sana.sy\/es\/wp-content\/uploads\/2024\/07\/photo_2024-07-15_15-03-05-768x452.jpg 768w\" sizes=\"(max-width: 375px) 100vw, 375px\" \/><\/a>Puntualiz\u00f3 que miles de v\u00edctimas se encuentran a\u00fan bajo los escombros y en las carreteras, y las ambulancias y equipos de defensa civil no pueden llegar a los mismos.<\/p>\n<p style=\"text-align: justify;\">Durante el d\u00eda de hoy, decenas de personas murieron y otras resultaron heridas por bombardeo por el ocupante israel\u00ed a los barrios de Al-Shujaya, Al-Zaitoun, Tal Al-Hawa, Sheikh Ajlin y Al-Sabra en la ciudad de Gaza, y Deir Al-Balah en el centro, y Rafah en el sur.<\/p>\n<p>fm\/ed<\/p>\n","protected":false},"excerpt":{"rendered":"<p>Jerusal\u00e9n ocupada, 15 jul (SANA) El Ministerio de Salud palestino anunci\u00f3 hoy que el ocupante israel\u00ed cometi\u00f3 3 masacres en la Franja de Gaza durante las \u00faltimas 24 horas, que cobraron la vida de 80 palestinos e hirieron a otros 216. \u201cEl n\u00famero total de v\u00edctimas durante 283 d\u00edas de agresi\u00f3n aument\u00f3 a 38 mil &hellip;<\/p>\n","protected":false},"author":32,"featured_media":333871,"comment_status":"closed","ping_status":"closed","sticky":false,"template":"","format":"standard","meta":{"footnotes":""},"categories":[597,456,20724,583],"tags":[],"class_list":["post-333870","post","type-post","status-publish","format-standard","has-post-thumbnail","","category-cinta-de-noticias","category-arabe-internacional-politica","category-minuto-a-minuto","category-slide"],"_links":{"self":[{"href":"https:\/\/archive.sana.sy\/es\/index.php?rest_route=\/wp\/v2\/posts\/333870"}],"collection":[{"href":"https:\/\/archive.sana.sy\/es\/index.php?rest_route=\/wp\/v2\/posts"}],"about":[{"href":"https:\/\/archive.sana.sy\/es\/index.php?rest_route=\/wp\/v2\/types\/post"}],"author":[{"embeddable":true,"href":"https:\/\/archive.sana.sy\/es\/index.php?rest_route=\/wp\/v2\/users\/32"}],"replies":[{"embeddable":true,"href":"https:\/\/archive.sana.sy\/es\/index.php?rest_route=%2Fwp%2Fv2%2Fcomments&post=333870"}],"version-history":[{"count":1,"href":"https:\/\/archive.sana.sy\/es\/index.php?rest_route=\/wp\/v2\/posts\/333870\/revisions"}],"predecessor-version":[{"id":333873,"href":"https:\/\/archive.sana.sy\/es\/index.php?rest_route=\/wp\/v2\/posts\/333870\/revisions\/333873"}],"wp:featuredmedia":[{"embeddable":true,"href":"https:\/\/archive.sana.sy\/es\/index.php?rest_route=\/wp\/v2\/media\/333871"}],"wp:attachment":[{"href":"https:\/\/archive.sana.sy\/es\/index.php?rest_route=%2Fwp%2Fv2%2Fmedia&parent=333870"}],"wp:term":[{"taxonomy":"category","embeddable":true,"href":"https:\/\/archive.sana.sy\/es\/index.php?rest_route=%2Fwp%2Fv2%2Fcategories&post=333870"},{"taxonomy":"post_tag","embeddable":true,"href":"https:\/\/archive.sana.sy\/es\/index.php?rest_route=%2Fwp%2Fv2%2Ftags&post=333870"}],"curies":[{"name":"wp","href":"https:\/\/api.w.org\/{rel}","templated":true}]}}