{"id":333975,"date":"2024-07-16T17:53:43","date_gmt":"2024-07-16T14:53:43","guid":{"rendered":"https:\/\/sana.sy\/es\/?p=333975"},"modified":"2024-07-16T17:53:43","modified_gmt":"2024-07-16T14:53:43","slug":"israel-comete-dos-nuevas-masacres-en-khan-yunis-y-nseirat","status":"publish","type":"post","link":"https:\/\/archive.sana.sy\/es\/?p=333975","title":{"rendered":"&#8220;Israel&#8221; comete dos nuevas masacres en Khan Yunis y Nseirat"},"content":{"rendered":"<p style=\"text-align: justify\"><span style=\"color: #800000\"><strong>Jerusal\u00e9n ocupada, 16 jul (SANA)<\/strong> <\/span>El ocupante israel\u00ed cometi\u00f3 este martes dos nuevas masacres en la ciudad de Khan Yunis, localizada en el sur de Gaza, y en el campamento de Nseirat, en el centro de la Franja, las cuales se cobraron la vida de 25 personas y dejaron m\u00e1s de 70 heridos.<\/p>\n<p style=\"text-align: justify\">Seg\u00fan la agencia de noticias Wafa, la aviaci\u00f3n israel\u00ed bombarde\u00f3 la zona de al-Mawasi que acoge a decenas de desplazados al oeste de Khan Younis, lo que provoc\u00f3 17 m\u00e1rtires y 26 heridos. Asimismo bombarde\u00f3 una escuela de la UNRWA que albergaba tambi\u00e9n a desplazados en el campamento de Nseirat, dejando un balance de 8 m\u00e1rtires y 50 lesionados.<\/p>\n<p style=\"text-align: justify\">En un comunicado, la UNRWA denunci\u00f3 que en los \u00faltimos diez d\u00edas, \u201cIsrael\u201d ha atacado cinco escuelas suyas, llamando a garantizar protecci\u00f3n a todas las instalaciones de la ONU.<\/p>\n<p style=\"text-align: justify\">El s\u00e1bado pasado, el ocupante israel\u00ed cometi\u00f3 una masacre en el \u00e1rea de al-Mawasi, en la cual 90 personas \u00a0perdieron la vida y otras 300 resultaron heridas.<\/p>\n<p style=\"text-align: justify\">la<\/p>\n","protected":false},"excerpt":{"rendered":"<p>Jerusal\u00e9n ocupada, 16 jul (SANA) El ocupante israel\u00ed cometi\u00f3 este martes dos nuevas masacres en la ciudad de Khan Yunis, localizada en el sur de Gaza, y en el campamento de Nseirat, en el centro de la Franja, las cuales se cobraron la vida de 25 personas y dejaron m\u00e1s de 70 heridos. Seg\u00fan la &hellip;<\/p>\n","protected":false},"author":24,"featured_media":333976,"comment_status":"closed","ping_status":"closed","sticky":false,"template":"","format":"standard","meta":{"footnotes":""},"categories":[597,456,16687,20724,7541],"tags":[],"class_list":["post-333975","post","type-post","status-publish","format-standard","has-post-thumbnail","","category-cinta-de-noticias","category-arabe-internacional-politica","category-internacionales","category-minuto-a-minuto","category-ultimas-noticias"],"_links":{"self":[{"href":"https:\/\/archive.sana.sy\/es\/index.php?rest_route=\/wp\/v2\/posts\/333975"}],"collection":[{"href":"https:\/\/archive.sana.sy\/es\/index.php?rest_route=\/wp\/v2\/posts"}],"about":[{"href":"https:\/\/archive.sana.sy\/es\/index.php?rest_route=\/wp\/v2\/types\/post"}],"author":[{"embeddable":true,"href":"https:\/\/archive.sana.sy\/es\/index.php?rest_route=\/wp\/v2\/users\/24"}],"replies":[{"embeddable":true,"href":"https:\/\/archive.sana.sy\/es\/index.php?rest_route=%2Fwp%2Fv2%2Fcomments&post=333975"}],"version-history":[{"count":1,"href":"https:\/\/archive.sana.sy\/es\/index.php?rest_route=\/wp\/v2\/posts\/333975\/revisions"}],"predecessor-version":[{"id":333977,"href":"https:\/\/archive.sana.sy\/es\/index.php?rest_route=\/wp\/v2\/posts\/333975\/revisions\/333977"}],"wp:featuredmedia":[{"embeddable":true,"href":"https:\/\/archive.sana.sy\/es\/index.php?rest_route=\/wp\/v2\/media\/333976"}],"wp:attachment":[{"href":"https:\/\/archive.sana.sy\/es\/index.php?rest_route=%2Fwp%2Fv2%2Fmedia&parent=333975"}],"wp:term":[{"taxonomy":"category","embeddable":true,"href":"https:\/\/archive.sana.sy\/es\/index.php?rest_route=%2Fwp%2Fv2%2Fcategories&post=333975"},{"taxonomy":"post_tag","embeddable":true,"href":"https:\/\/archive.sana.sy\/es\/index.php?rest_route=%2Fwp%2Fv2%2Ftags&post=333975"}],"curies":[{"name":"wp","href":"https:\/\/api.w.org\/{rel}","templated":true}]}}