{"id":333978,"date":"2024-07-16T17:59:26","date_gmt":"2024-07-16T14:59:26","guid":{"rendered":"https:\/\/sana.sy\/es\/?p=333978"},"modified":"2024-07-16T19:04:51","modified_gmt":"2024-07-16T16:04:51","slug":"lavrov-critica-politica-anti-rusa-de-la-otan-y-acusa-a-washington-de-seguir-atizando-las-confrontaciones","status":"publish","type":"post","link":"https:\/\/archive.sana.sy\/es\/?p=333978","title":{"rendered":"Lavrov critica pol\u00edtica anti rusa de la OTAN y acusa a Washington de seguir atizando las confrontaciones"},"content":{"rendered":"<p style=\"text-align: justify\"><span style=\"color: #800000\"><strong>Nueva York, 16 jul (SANA)<\/strong> <\/span>El ministro de Exteriores de Rusia, Seguei Lavrov, critic\u00f3 el enfoque anti ruso de la OTAN al presidir los debates ministeriales del Consejo de Seguridad de la ONU.<\/p>\n<p style=\"text-align: justify\">&#8220;La guerra que la alianza del atl\u00e1ntico norte ha desatado contra Rusia a manos de las autoridades ilegales de Kiev no le basta, todo el espacio de la OSCE no le basta&#8221;, cit\u00f3 la agencia Tass al jefe de la diplomacia rusa.<\/p>\n<p style=\"text-align: justify\">Lavrov acus\u00f3 a Washington de seguir \u201cavivando la confrontaci\u00f3n&#8221;, luego de \u201chaber demolido los acuerdos fundamentales de control de armas\u201d.<\/p>\n<p style=\"text-align: justify\">Critic\u00f3 que EEUU inst\u00f3 a sus aliados a prepararse para guerras prolongadas, y no s\u00f3lo en Europa&#8221;.<\/p>\n<p style=\"text-align: justify\">Destac\u00f3 que la Alianza continua con su plan expansionista bajo el pretexto de proteger a sus territorios.<\/p>\n<p style=\"text-align: justify\">&#8220;Declararon que la OTAN supuestamente contin\u00faa gui\u00e1ndose por la tarea de defender los territorios de sus pa\u00edses miembros y para estos fines el dominio de la alianza debe extenderse a todo el continente euroasi\u00e1tico y las aguas adyacentes.\u201d, enfatiz\u00f3.<\/p>\n<p>la<\/p>\n<p style=\"text-align: justify\">\n","protected":false},"excerpt":{"rendered":"<p>Nueva York, 16 jul (SANA) El ministro de Exteriores de Rusia, Seguei Lavrov, critic\u00f3 el enfoque anti ruso de la OTAN al presidir los debates ministeriales del Consejo de Seguridad de la ONU. &#8220;La guerra que la alianza del atl\u00e1ntico norte ha desatado contra Rusia a manos de las autoridades ilegales de Kiev no le &hellip;<\/p>\n","protected":false},"author":24,"featured_media":333979,"comment_status":"closed","ping_status":"closed","sticky":false,"template":"","format":"standard","meta":{"footnotes":""},"categories":[597,456,16687,7541],"tags":[],"class_list":["post-333978","post","type-post","status-publish","format-standard","has-post-thumbnail","","category-cinta-de-noticias","category-arabe-internacional-politica","category-internacionales","category-ultimas-noticias"],"_links":{"self":[{"href":"https:\/\/archive.sana.sy\/es\/index.php?rest_route=\/wp\/v2\/posts\/333978"}],"collection":[{"href":"https:\/\/archive.sana.sy\/es\/index.php?rest_route=\/wp\/v2\/posts"}],"about":[{"href":"https:\/\/archive.sana.sy\/es\/index.php?rest_route=\/wp\/v2\/types\/post"}],"author":[{"embeddable":true,"href":"https:\/\/archive.sana.sy\/es\/index.php?rest_route=\/wp\/v2\/users\/24"}],"replies":[{"embeddable":true,"href":"https:\/\/archive.sana.sy\/es\/index.php?rest_route=%2Fwp%2Fv2%2Fcomments&post=333978"}],"version-history":[{"count":1,"href":"https:\/\/archive.sana.sy\/es\/index.php?rest_route=\/wp\/v2\/posts\/333978\/revisions"}],"predecessor-version":[{"id":333980,"href":"https:\/\/archive.sana.sy\/es\/index.php?rest_route=\/wp\/v2\/posts\/333978\/revisions\/333980"}],"wp:featuredmedia":[{"embeddable":true,"href":"https:\/\/archive.sana.sy\/es\/index.php?rest_route=\/wp\/v2\/media\/333979"}],"wp:attachment":[{"href":"https:\/\/archive.sana.sy\/es\/index.php?rest_route=%2Fwp%2Fv2%2Fmedia&parent=333978"}],"wp:term":[{"taxonomy":"category","embeddable":true,"href":"https:\/\/archive.sana.sy\/es\/index.php?rest_route=%2Fwp%2Fv2%2Fcategories&post=333978"},{"taxonomy":"post_tag","embeddable":true,"href":"https:\/\/archive.sana.sy\/es\/index.php?rest_route=%2Fwp%2Fv2%2Ftags&post=333978"}],"curies":[{"name":"wp","href":"https:\/\/api.w.org\/{rel}","templated":true}]}}