{"id":333989,"date":"2024-07-17T05:40:01","date_gmt":"2024-07-17T02:40:01","guid":{"rendered":"https:\/\/sana.sy\/es\/?p=333989"},"modified":"2024-07-17T05:40:01","modified_gmt":"2024-07-17T02:40:01","slug":"%f0%9f%87%b8%f0%9f%87%be%f0%9f%87%b4%f0%9f%87%b2-canciller-sirio-ofrece-condolencias-por-victimas-del-tiroteo-en-mascate","status":"publish","type":"post","link":"https:\/\/archive.sana.sy\/es\/?p=333989","title":{"rendered":"&#x1f1f8;&#x1f1fe;&#x1f1f4;&#x1f1f2; Canciller sirio ofrece condolencias por v\u00edctimas del tiroteo en Mascate"},"content":{"rendered":"<p style=\"text-align: justify;\"><span style=\"color: #000000;\"><strong>Damasco, 17 jul (SANA)\u00a0<\/strong> <\/span>El ministro de Asuntos Exteriores y Expatriados, Faisal Al-Mekdad, envi\u00f3 un mensaje de condolencias a su hom\u00f3logo del Sultanato de Om\u00e1n, Badr bin Hamad Al-Busaidi, por las v\u00edctimas del tiroteo ocurrido en Gobernaci\u00f3n de Mascate, que provoc\u00f3 la muerte de varias personas y heridas a otras.<\/p>\n<p style=\"text-align: justify;\">El jefe de la diplomacia siria conden\u00f3 en los t\u00e9rminos m\u00e1s en\u00e9rgicos este brutal incidente y dese\u00f3 a los heridos una pronta recuperaci\u00f3n.<\/p>\n<p style=\"text-align: justify;\">Esper\u00f3 que el hermano pueblo oman\u00ed siga disfrutando de la seguridad y estabilidad que caracterizaron su vida durante los \u00faltimos a\u00f1os.<\/p>\n<p style=\"text-align: justify;\">Cuatro personas murieron y varias m\u00e1s resultaron heridas hoy en un tiroteo cerca de una mezquita de Mascate.<\/p>\n<p style=\"text-align: justify;\">fm<\/p>\n","protected":false},"excerpt":{"rendered":"<p>Damasco, 17 jul (SANA)\u00a0 El ministro de Asuntos Exteriores y Expatriados, Faisal Al-Mekdad, envi\u00f3 un mensaje de condolencias a su hom\u00f3logo del Sultanato de Om\u00e1n, Badr bin Hamad Al-Busaidi, por las v\u00edctimas del tiroteo ocurrido en Gobernaci\u00f3n de Mascate, que provoc\u00f3 la muerte de varias personas y heridas a otras. El jefe de la diplomacia &hellip;<\/p>\n","protected":false},"author":34,"featured_media":333990,"comment_status":"closed","ping_status":"closed","sticky":false,"template":"","format":"standard","meta":{"footnotes":""},"categories":[597,20724,467,7541],"tags":[],"class_list":["post-333989","post","type-post","status-publish","format-standard","has-post-thumbnail","","category-cinta-de-noticias","category-minuto-a-minuto","category-siria-y-el-mundo","category-ultimas-noticias"],"_links":{"self":[{"href":"https:\/\/archive.sana.sy\/es\/index.php?rest_route=\/wp\/v2\/posts\/333989"}],"collection":[{"href":"https:\/\/archive.sana.sy\/es\/index.php?rest_route=\/wp\/v2\/posts"}],"about":[{"href":"https:\/\/archive.sana.sy\/es\/index.php?rest_route=\/wp\/v2\/types\/post"}],"author":[{"embeddable":true,"href":"https:\/\/archive.sana.sy\/es\/index.php?rest_route=\/wp\/v2\/users\/34"}],"replies":[{"embeddable":true,"href":"https:\/\/archive.sana.sy\/es\/index.php?rest_route=%2Fwp%2Fv2%2Fcomments&post=333989"}],"version-history":[{"count":2,"href":"https:\/\/archive.sana.sy\/es\/index.php?rest_route=\/wp\/v2\/posts\/333989\/revisions"}],"predecessor-version":[{"id":333992,"href":"https:\/\/archive.sana.sy\/es\/index.php?rest_route=\/wp\/v2\/posts\/333989\/revisions\/333992"}],"wp:featuredmedia":[{"embeddable":true,"href":"https:\/\/archive.sana.sy\/es\/index.php?rest_route=\/wp\/v2\/media\/333990"}],"wp:attachment":[{"href":"https:\/\/archive.sana.sy\/es\/index.php?rest_route=%2Fwp%2Fv2%2Fmedia&parent=333989"}],"wp:term":[{"taxonomy":"category","embeddable":true,"href":"https:\/\/archive.sana.sy\/es\/index.php?rest_route=%2Fwp%2Fv2%2Fcategories&post=333989"},{"taxonomy":"post_tag","embeddable":true,"href":"https:\/\/archive.sana.sy\/es\/index.php?rest_route=%2Fwp%2Fv2%2Ftags&post=333989"}],"curies":[{"name":"wp","href":"https:\/\/api.w.org\/{rel}","templated":true}]}}