{"id":334059,"date":"2024-07-18T06:22:46","date_gmt":"2024-07-18T03:22:46","guid":{"rendered":"https:\/\/sana.sy\/es\/?p=334059"},"modified":"2024-07-18T10:04:29","modified_gmt":"2024-07-18T07:04:29","slug":"canciller-sirio-ante-la-onu-la-agresion-israeli-contra-gaza-desvelo-la-hipocresia-de-occidente","status":"publish","type":"post","link":"https:\/\/archive.sana.sy\/es\/?p=334059","title":{"rendered":"Canciller sirio ante la ONU: La agresi\u00f3n israel\u00ed contra Gaza desvel\u00f3 la hipocres\u00eda de Occidente"},"content":{"rendered":"<p style=\"text-align: justify;\"><span style=\"color: #800000;\"><strong>Nueva York, 18 jul (SANA)\u00a0<\/strong> <\/span>El ministro sirio de Asuntos Exteriores y Expatriados, Faisal Al-Mekdad, afirm\u00f3 hoy que la agresi\u00f3n israel\u00ed contra Gaza desvel\u00f3 la falsedad de las consignas de los pa\u00edses occidentales y desenmascar\u00f3 sus mentiras, hipocres\u00eda y falta de valores humanos, y tambi\u00e9n comprob\u00f3 su flagrante parcialidad hacia el ocupante israel\u00ed a expensas del Derecho Internacional y la Carta de las Naciones Unidas.<\/p>\n<p style=\"text-align: justify;\">Esta postura del Canciller fue expresada durante la Reuni\u00f3n Ministerial del Consejo de Seguridad dedicada a abordar la situaci\u00f3n en Medio Oriente, incluida la cuesti\u00f3n palestina; y las palabras del Ministro fueron le\u00eddas por el representante permanente de Siria ante la ONU, Qusay Al-Dahhak.<\/p>\n<p style=\"text-align: justify;\"><span style=\"color: #000080;\"><strong>EEUU y Occidente son c\u00f3mplices en la agresi\u00f3n<\/strong><\/span><\/p>\n<p style=\"text-align: justify;\">\u201cSiria ha alertado repetidamente de los impactos de esta agresi\u00f3n y de los ataques contra su territorio, y ha pedido al Consejo de Seguridad que los detenga, pero Estados Unidos impidi\u00f3 que lo hiciera, en una violaci\u00f3n de sus obligaciones como miembro permanente del Consejo\u201d, asegur\u00f3 Al-Mekdad.<\/p>\n<p style=\"text-align: justify;\">Denunci\u00f3 que \u201cIsrael\u201d increment\u00f3 deliberadamente la escalada al m\u00e1ximo mediante sus cr\u00edmenes brutales y repetidas agresiones contra Siria y el L\u00edbano, y lament\u00f3 que el sistema de seguridad colectiva establecido por la Carta de las Naciones Unidas no haya logrado obligar a las autoridades de ocupaci\u00f3n a detener inmediatamente sus pol\u00edticas agresivas y sus masacres diarias.<\/p>\n<p style=\"text-align: justify;\">El Canciller se pregunt\u00f3: Por qu\u00e9 los pa\u00edses occidentales guardaron silencio sobre los cr\u00edmenes de guerra y de lesa humanidad cometidos por \u201cIsrael\u201d, mientras que esos mismos pa\u00edses, cuando se trata de otros, tomaron la iniciativa para emitir una resoluci\u00f3n tras otra, celebrar sesi\u00f3n tras sesi\u00f3n y crear diversos mecanismos injustificados bajo pretextos y acusaciones infundadas.<\/p>\n<p style=\"text-align: justify;\"><strong><span style=\"color: #000080;\">Siria apoya los derechos del pueblo palestino<\/span><\/strong><\/p>\n<p style=\"text-align: justify;\">Aclar\u00f3 que los cr\u00edmenes de Israel no comenzaron el siete de octubre pasado porque el car\u00e1cter criminal est\u00e1 en el centro de su naturaleza agresiva, tendencia racista y sus aspiraciones expansionistas, y son una continuaci\u00f3n de una larga serie de masacres, actos de agresi\u00f3n y terrorismo.<\/p>\n<p style=\"text-align: justify;\">Al-Mekdad reiter\u00f3 la condena de Siria a los cr\u00edmenes israel\u00edes y exigi\u00f3 que cesen y que sus autores rindan cuentas.<\/p>\n<p style=\"text-align: justify;\">Tambi\u00e9n, reiter\u00f3 su pleno apoyo al pueblo palestino en su lucha por poner fin a la ocupaci\u00f3n y disfrutar de sus derechos inalienables, incluido el de establecer su Estado independiente con Jerusal\u00e9n de capital y de ser miembro de pleno derecho de las Naciones Unidas.<\/p>\n<p style=\"text-align: justify;\">Rechaz\u00f3 todos los intentos de socavar la agencia de Refugiados Palestinos de la ONU (UNRWA) y destac\u00f3 su importante papel de brindar apoyo a los palestinos en su patria y en los pa\u00edses anfitriones, incluida Siria.<\/p>\n<p style=\"text-align: justify;\"><span style=\"color: #000080;\"><strong>EEUU nunca busc\u00f3 proteger a los palestinos sin dar m\u00e1s tiempo a Israel para exterminarlos<\/strong><\/span><\/p>\n<p style=\"text-align: justify;\">Seg\u00fan Al-Mekdad, Tel Aviv no se habr\u00eda atrevido a cometer todas estas flagrantes violaciones del derecho internacional y humanitario si no hubiera sido por la participaci\u00f3n directa de los Estados Unidos en la agresi\u00f3n y el ilimitado apoyo pol\u00edtico, militar , financiero y medi\u00e1tico que brindan varios de sus aliados a \u201cIsrael\u201d.<\/p>\n<p style=\"text-align: justify;\">Reitero su denuncia de Washington impidi\u00f3 que el Consejo de Seguridad cumpliera con sus responsabilidades de mantener la paz y la seguridad regionales, abri\u00f3 sus dep\u00f3sitos de armas y utiliz\u00f3 su veto cinco veces en unos pocos meses para permitir que la entidad israel\u00ed continuara con sus cr\u00edmenes.<\/p>\n<p style=\"text-align: justify;\">\u201cDe hecho, la administraci\u00f3n estadounidense se otorg\u00f3 injustamente la autoridad y el derecho de determinar y considerar si las resoluciones del Consejo de Seguridad son vinculantes o no vinculantes seg\u00fan sus caprichos e intereses, y ello fue evidente al negar el car\u00e1cter vinculante de la Resoluci\u00f3n 2728 que ped\u00eda un alto el fuego en Gaza horas despu\u00e9s su emisi\u00f3n\u201d puntualiz\u00f3.<\/p>\n<p style=\"text-align: justify;\">En este sentido, a\u00f1adi\u00f3 que la Resoluci\u00f3n 2735 que present\u00f3 la administraci\u00f3n estadounidense en el Consejo de Seguridad no fue m\u00e1s que una v\u00eda para dar ilusiones, y nunca tuvo como objetivo proteger al pueblo palestino. M\u00e1s bien, fue lograr logros electorales internos y dar m\u00e1s tiempo para \u201cIsrael\u201d extermine a m\u00e1s palestinos y liquide la causa palestina.<\/p>\n<p style=\"text-align: justify;\">\u201cEstas acciones agresivas amenazan con propagar las llamas de la guerra por muchas partes de la regi\u00f3n y del mundo a menos que se impida a Israel su agresi\u00f3n y se le haga rendir cuentas por sus cr\u00edmenes\u201d, puntualiz\u00f3.<\/p>\n<p style=\"text-align: justify;\">fm<\/p>\n","protected":false},"excerpt":{"rendered":"<p>Nueva York, 18 jul (SANA)\u00a0 El ministro sirio de Asuntos Exteriores y Expatriados, Faisal Al-Mekdad, afirm\u00f3 hoy que la agresi\u00f3n israel\u00ed contra Gaza desvel\u00f3 la falsedad de las consignas de los pa\u00edses occidentales y desenmascar\u00f3 sus mentiras, hipocres\u00eda y falta de valores humanos, y tambi\u00e9n comprob\u00f3 su flagrante parcialidad hacia el ocupante israel\u00ed a expensas &hellip;<\/p>\n","protected":false},"author":34,"featured_media":334060,"comment_status":"closed","ping_status":"closed","sticky":false,"template":"","format":"standard","meta":{"footnotes":""},"categories":[477,447,597,20724,476,467,583],"tags":[],"class_list":["post-334059","post","type-post","status-publish","format-standard","has-post-thumbnail","","category-noticias-edulcorantes","category-local-politica","category-cinta-de-noticias","category-minuto-a-minuto","category-locales","category-siria-y-el-mundo","category-slide"],"_links":{"self":[{"href":"https:\/\/archive.sana.sy\/es\/index.php?rest_route=\/wp\/v2\/posts\/334059"}],"collection":[{"href":"https:\/\/archive.sana.sy\/es\/index.php?rest_route=\/wp\/v2\/posts"}],"about":[{"href":"https:\/\/archive.sana.sy\/es\/index.php?rest_route=\/wp\/v2\/types\/post"}],"author":[{"embeddable":true,"href":"https:\/\/archive.sana.sy\/es\/index.php?rest_route=\/wp\/v2\/users\/34"}],"replies":[{"embeddable":true,"href":"https:\/\/archive.sana.sy\/es\/index.php?rest_route=%2Fwp%2Fv2%2Fcomments&post=334059"}],"version-history":[{"count":2,"href":"https:\/\/archive.sana.sy\/es\/index.php?rest_route=\/wp\/v2\/posts\/334059\/revisions"}],"predecessor-version":[{"id":334063,"href":"https:\/\/archive.sana.sy\/es\/index.php?rest_route=\/wp\/v2\/posts\/334059\/revisions\/334063"}],"wp:featuredmedia":[{"embeddable":true,"href":"https:\/\/archive.sana.sy\/es\/index.php?rest_route=\/wp\/v2\/media\/334060"}],"wp:attachment":[{"href":"https:\/\/archive.sana.sy\/es\/index.php?rest_route=%2Fwp%2Fv2%2Fmedia&parent=334059"}],"wp:term":[{"taxonomy":"category","embeddable":true,"href":"https:\/\/archive.sana.sy\/es\/index.php?rest_route=%2Fwp%2Fv2%2Fcategories&post=334059"},{"taxonomy":"post_tag","embeddable":true,"href":"https:\/\/archive.sana.sy\/es\/index.php?rest_route=%2Fwp%2Fv2%2Ftags&post=334059"}],"curies":[{"name":"wp","href":"https:\/\/api.w.org\/{rel}","templated":true}]}}