{"id":334088,"date":"2024-07-18T11:02:18","date_gmt":"2024-07-18T08:02:18","guid":{"rendered":"https:\/\/sana.sy\/es\/?p=334088"},"modified":"2024-07-18T11:02:38","modified_gmt":"2024-07-18T08:02:38","slug":"china-insta-la-onu-para-poner-fin-a-los-bombardeos-en-gaza","status":"publish","type":"post","link":"https:\/\/archive.sana.sy\/es\/?p=334088","title":{"rendered":"China insta la ONU para poner fin a los bombardeos en Gaza"},"content":{"rendered":"<blockquote>\n<p style=\"text-align: justify;\"><span style=\"color: #800000;\">Esta postura ha sido reiterado por el representante permanente de China ante las Naciones Unidas \u201cFu Cong\u201d durante un debate abierto del Consejo de Seguridad de la ONU sobre la situaci\u00f3n grave del enclave costero en medio de los bombardeos y graves crisis humanitarias.<\/span><\/p>\n<\/blockquote>\n<p style=\"text-align: justify;\"><span style=\"color: #800000;\"><strong>Nueva York, 18 jul (SANA)\u00a0<\/strong><\/span> China expres\u00f3 este jueves su en\u00e9rgica condena a la escalada de los ataques israel\u00edes contra la Franja de Gaza y exigi\u00f3 un alto al fuego inmediato.<\/p>\n<p style=\"text-align: justify;\">Esta postura ha sido reiterado por el representante permanente de China ante las Naciones Unidas \u201cFu Cong\u201d durante un debate abierto del Consejo de Seguridad de la ONU sobre la situaci\u00f3n grave del enclave costero en medio de los bombardeos y graves crisis humanitarias.<\/p>\n<p style=\"text-align: justify;\">&#8220;La comunidad internacional debe unir todos sus esfuerzos para detener las masacres que vive el pueblo palestino cada d\u00eda\u201d, asever\u00f3 el diplom\u00e1tico.<\/p>\n<p style=\"text-align: justify;\">A prop\u00f3sito, el funcionario chino destac\u00f3 que la llegada de ayuda por v\u00eda terrestre es el medio m\u00e1s eficaz despu\u00e9s de que Washington anunciara el cierre del dique flotante.<\/p>\n<p style=\"text-align: justify;\">Inst\u00f3 a Israel a abrir todos los cruces terrestres para garantizar la entrega r\u00e1pida y segura de la ayuda humanitaria.<\/p>\n<p style=\"text-align: justify;\">El delegado asi\u00e1tico conden\u00f3 los ataques israel\u00edes contra las agencias humanitarias y sus empleados, y pidi\u00f3 investigaciones exhaustivas y rendici\u00f3n de cuentas.<\/p>\n<p style=\"text-align: justify;\"><strong>ws\/fm<\/strong><\/p>\n","protected":false},"excerpt":{"rendered":"<p>Esta postura ha sido reiterado por el representante permanente de China ante las Naciones Unidas \u201cFu Cong\u201d durante un debate abierto del Consejo de Seguridad de la ONU sobre la situaci\u00f3n grave del enclave costero en medio de los bombardeos y graves crisis humanitarias. Nueva York, 18 jul (SANA)\u00a0 China expres\u00f3 este jueves su en\u00e9rgica &hellip;<\/p>\n","protected":false},"author":35,"featured_media":334089,"comment_status":"closed","ping_status":"closed","sticky":false,"template":"","format":"standard","meta":{"footnotes":""},"categories":[597,456,16687,20724,7541],"tags":[],"class_list":["post-334088","post","type-post","status-publish","format-standard","has-post-thumbnail","","category-cinta-de-noticias","category-arabe-internacional-politica","category-internacionales","category-minuto-a-minuto","category-ultimas-noticias"],"_links":{"self":[{"href":"https:\/\/archive.sana.sy\/es\/index.php?rest_route=\/wp\/v2\/posts\/334088"}],"collection":[{"href":"https:\/\/archive.sana.sy\/es\/index.php?rest_route=\/wp\/v2\/posts"}],"about":[{"href":"https:\/\/archive.sana.sy\/es\/index.php?rest_route=\/wp\/v2\/types\/post"}],"author":[{"embeddable":true,"href":"https:\/\/archive.sana.sy\/es\/index.php?rest_route=\/wp\/v2\/users\/35"}],"replies":[{"embeddable":true,"href":"https:\/\/archive.sana.sy\/es\/index.php?rest_route=%2Fwp%2Fv2%2Fcomments&post=334088"}],"version-history":[{"count":2,"href":"https:\/\/archive.sana.sy\/es\/index.php?rest_route=\/wp\/v2\/posts\/334088\/revisions"}],"predecessor-version":[{"id":334091,"href":"https:\/\/archive.sana.sy\/es\/index.php?rest_route=\/wp\/v2\/posts\/334088\/revisions\/334091"}],"wp:featuredmedia":[{"embeddable":true,"href":"https:\/\/archive.sana.sy\/es\/index.php?rest_route=\/wp\/v2\/media\/334089"}],"wp:attachment":[{"href":"https:\/\/archive.sana.sy\/es\/index.php?rest_route=%2Fwp%2Fv2%2Fmedia&parent=334088"}],"wp:term":[{"taxonomy":"category","embeddable":true,"href":"https:\/\/archive.sana.sy\/es\/index.php?rest_route=%2Fwp%2Fv2%2Fcategories&post=334088"},{"taxonomy":"post_tag","embeddable":true,"href":"https:\/\/archive.sana.sy\/es\/index.php?rest_route=%2Fwp%2Fv2%2Ftags&post=334088"}],"curies":[{"name":"wp","href":"https:\/\/api.w.org\/{rel}","templated":true}]}}