{"id":334092,"date":"2024-07-18T11:56:21","date_gmt":"2024-07-18T08:56:21","guid":{"rendered":"https:\/\/sana.sy\/es\/?p=334092"},"modified":"2024-07-18T17:39:19","modified_gmt":"2024-07-18T14:39:19","slug":"mueren-13-palestinos-en-el-dia-286-de-la-agresion-israeli-a-gaza","status":"publish","type":"post","link":"https:\/\/archive.sana.sy\/es\/?p=334092","title":{"rendered":"Mueren 13 palestinos en el d\u00eda 286 de la agresi\u00f3n israel\u00ed a Gaza"},"content":{"rendered":"<p style=\"text-align: justify;\"><span style=\"color: #800000;\"><strong>Jerusal\u00e9n ocupada, 18 jun (SANA)\u00a0<\/strong><\/span> Decenas de palestinos perdieron la vida o resultaron en nueva jornada de bombardeos en el marco de la agresi\u00f3n israel\u00ed contra la Franja de Gaza que ha entrado en su d\u00eda 286.<\/p>\n<p style=\"text-align: justify;\">Los aviones de guerra israel\u00edes bombardearon la ciudad de Al-Zawaida y los campamentos de Bureij y Nuseirat en el centro del enclave costero, lo que provoc\u00f3 la muerte de 11 palestinos y decenas resultaron heridos, mientras cuatro ni\u00f1os siguen bajo los escombros, inform\u00f3 la agencia Wafa.<\/p>\n<p style=\"text-align: justify;\">Asimismo, las fuerzas de ocupaci\u00f3n bombardearon una vivienda en las proximidades de la Plaza Palestina, en el centro de la ciudad de Gaza, lo que provoc\u00f3 la muerte de dos ni\u00f1as.<\/p>\n<p style=\"text-align: justify;\">De igual manera, la artiller\u00eda de ocupaci\u00f3n bombarde\u00f3 las ciudades de Khan Yunisy y Rafah, en el sur de Gaza, causando varios heridos.<\/p>\n<p style=\"text-align: justify;\">Casi 38.794 muertos y 89.364 heridos son el resultado de esta agresi\u00f3n que comenz\u00f3 el 7 de octubre pasado, anunci\u00f3 el Ministerio de Salud palestino.<\/p>\n<p style=\"text-align: justify;\">Mientras que miles de v\u00edctimas a\u00fan se encuentran bajo los escombros y en las carreteras y los equipos de ambulancias y de defensa civil no pueden llegar hasta ellos.<\/p>\n<p>ed\/fm<\/p>\n","protected":false},"excerpt":{"rendered":"<p>Jerusal\u00e9n ocupada, 18 jun (SANA)\u00a0 Decenas de palestinos perdieron la vida o resultaron en nueva jornada de bombardeos en el marco de la agresi\u00f3n israel\u00ed contra la Franja de Gaza que ha entrado en su d\u00eda 286. Los aviones de guerra israel\u00edes bombardearon la ciudad de Al-Zawaida y los campamentos de Bureij y Nuseirat en &hellip;<\/p>\n","protected":false},"author":32,"featured_media":334093,"comment_status":"closed","ping_status":"closed","sticky":false,"template":"","format":"standard","meta":{"footnotes":""},"categories":[597,456,20724,7541],"tags":[],"class_list":["post-334092","post","type-post","status-publish","format-standard","has-post-thumbnail","","category-cinta-de-noticias","category-arabe-internacional-politica","category-minuto-a-minuto","category-ultimas-noticias"],"_links":{"self":[{"href":"https:\/\/archive.sana.sy\/es\/index.php?rest_route=\/wp\/v2\/posts\/334092"}],"collection":[{"href":"https:\/\/archive.sana.sy\/es\/index.php?rest_route=\/wp\/v2\/posts"}],"about":[{"href":"https:\/\/archive.sana.sy\/es\/index.php?rest_route=\/wp\/v2\/types\/post"}],"author":[{"embeddable":true,"href":"https:\/\/archive.sana.sy\/es\/index.php?rest_route=\/wp\/v2\/users\/32"}],"replies":[{"embeddable":true,"href":"https:\/\/archive.sana.sy\/es\/index.php?rest_route=%2Fwp%2Fv2%2Fcomments&post=334092"}],"version-history":[{"count":1,"href":"https:\/\/archive.sana.sy\/es\/index.php?rest_route=\/wp\/v2\/posts\/334092\/revisions"}],"predecessor-version":[{"id":334094,"href":"https:\/\/archive.sana.sy\/es\/index.php?rest_route=\/wp\/v2\/posts\/334092\/revisions\/334094"}],"wp:featuredmedia":[{"embeddable":true,"href":"https:\/\/archive.sana.sy\/es\/index.php?rest_route=\/wp\/v2\/media\/334093"}],"wp:attachment":[{"href":"https:\/\/archive.sana.sy\/es\/index.php?rest_route=%2Fwp%2Fv2%2Fmedia&parent=334092"}],"wp:term":[{"taxonomy":"category","embeddable":true,"href":"https:\/\/archive.sana.sy\/es\/index.php?rest_route=%2Fwp%2Fv2%2Fcategories&post=334092"},{"taxonomy":"post_tag","embeddable":true,"href":"https:\/\/archive.sana.sy\/es\/index.php?rest_route=%2Fwp%2Fv2%2Ftags&post=334092"}],"curies":[{"name":"wp","href":"https:\/\/api.w.org\/{rel}","templated":true}]}}