{"id":334095,"date":"2024-07-18T12:08:41","date_gmt":"2024-07-18T09:08:41","guid":{"rendered":"https:\/\/sana.sy\/es\/?p=334095"},"modified":"2024-07-18T20:20:06","modified_gmt":"2024-07-18T17:20:06","slug":"mas-de-mil-ataques-israelies-contra-instalaciones-de-salud-en-gaza","status":"publish","type":"post","link":"https:\/\/archive.sana.sy\/es\/?p=334095","title":{"rendered":"M\u00e1s de mil ataques israel\u00edes contra instalaciones de salud en Gaza"},"content":{"rendered":"<p style=\"text-align: justify;\"><span style=\"color: #800000;\"><strong>Ginebra, 18 jul (SANA)<\/strong> <\/span>El representante de la Organizaci\u00f3n Mundial de la Salud en los Territorios Palestinos, Rick Peppercorn, anunci\u00f3 que desde el 7 de octubre pasado, se han registrado m\u00e1s de mil ataques a instalaciones sanitarias.<\/p>\n<p style=\"text-align: justify;\">El Centro de Noticias de las Naciones Unidas cit\u00f3 a Pepperkorn declarando a los periodistas que &#8220;actualmente no hay hospitales en funcionamiento en la ciudad de Rafah, ubicada al sur de la Franja de Gaza, a ra\u00edz del reciente ataque israel\u00ed contra la ciudad&#8221;.<\/p>\n<p style=\"text-align: justify;\">Pepperkorn subray\u00f3 que a los pacientes gravemente enfermos se les debe permitir salir de Gaza, y que hay unos diez mil pacientes que necesitan una evacuaci\u00f3n urgente, la mitad de los cuales sufren lesiones graves, incluidas lesiones en la columna y amputaciones.<\/p>\n<p style=\"text-align: justify;\">Por su parte, Muhannad Hadi, el coordinador de Asuntos Humanitarios en el Territorio Palestino Ocupado, dijo que \u201cya no hay un lugar seguro en Gaza y que los trabajadores humanitarios se enfrentan a un desaf\u00edo en todos los frentes.<\/p>\n<p style=\"text-align: justify;\">Hadi a\u00f1adi\u00f3 que \u201cla gente est\u00e1 varada en las carreteras y ha sido desplazada varias veces, con muy pocos materiales que necesitan desesperadamente\u201d.<\/p>\n<p style=\"text-align: justify;\">La situaci\u00f3n es terrible para todos, especialmente para las mujeres, los ni\u00f1os, los ancianos y personas con necesidades especiales&#8221;, aclar\u00f3.<\/p>\n<p style=\"text-align: justify;\">fm\/ed<\/p>\n","protected":false},"excerpt":{"rendered":"<p>Ginebra, 18 jul (SANA) El representante de la Organizaci\u00f3n Mundial de la Salud en los Territorios Palestinos, Rick Peppercorn, anunci\u00f3 que desde el 7 de octubre pasado, se han registrado m\u00e1s de mil ataques a instalaciones sanitarias. El Centro de Noticias de las Naciones Unidas cit\u00f3 a Pepperkorn declarando a los periodistas que &#8220;actualmente no &hellip;<\/p>\n","protected":false},"author":32,"featured_media":334138,"comment_status":"closed","ping_status":"closed","sticky":false,"template":"","format":"standard","meta":{"footnotes":""},"categories":[597,456,20724,7541],"tags":[],"class_list":["post-334095","post","type-post","status-publish","format-standard","has-post-thumbnail","","category-cinta-de-noticias","category-arabe-internacional-politica","category-minuto-a-minuto","category-ultimas-noticias"],"_links":{"self":[{"href":"https:\/\/archive.sana.sy\/es\/index.php?rest_route=\/wp\/v2\/posts\/334095"}],"collection":[{"href":"https:\/\/archive.sana.sy\/es\/index.php?rest_route=\/wp\/v2\/posts"}],"about":[{"href":"https:\/\/archive.sana.sy\/es\/index.php?rest_route=\/wp\/v2\/types\/post"}],"author":[{"embeddable":true,"href":"https:\/\/archive.sana.sy\/es\/index.php?rest_route=\/wp\/v2\/users\/32"}],"replies":[{"embeddable":true,"href":"https:\/\/archive.sana.sy\/es\/index.php?rest_route=%2Fwp%2Fv2%2Fcomments&post=334095"}],"version-history":[{"count":1,"href":"https:\/\/archive.sana.sy\/es\/index.php?rest_route=\/wp\/v2\/posts\/334095\/revisions"}],"predecessor-version":[{"id":334097,"href":"https:\/\/archive.sana.sy\/es\/index.php?rest_route=\/wp\/v2\/posts\/334095\/revisions\/334097"}],"wp:featuredmedia":[{"embeddable":true,"href":"https:\/\/archive.sana.sy\/es\/index.php?rest_route=\/wp\/v2\/media\/334138"}],"wp:attachment":[{"href":"https:\/\/archive.sana.sy\/es\/index.php?rest_route=%2Fwp%2Fv2%2Fmedia&parent=334095"}],"wp:term":[{"taxonomy":"category","embeddable":true,"href":"https:\/\/archive.sana.sy\/es\/index.php?rest_route=%2Fwp%2Fv2%2Fcategories&post=334095"},{"taxonomy":"post_tag","embeddable":true,"href":"https:\/\/archive.sana.sy\/es\/index.php?rest_route=%2Fwp%2Fv2%2Ftags&post=334095"}],"curies":[{"name":"wp","href":"https:\/\/api.w.org\/{rel}","templated":true}]}}