{"id":334127,"date":"2024-07-18T17:17:36","date_gmt":"2024-07-18T14:17:36","guid":{"rendered":"https:\/\/sana.sy\/es\/?p=334127"},"modified":"2024-07-18T17:26:44","modified_gmt":"2024-07-18T14:26:44","slug":"45-000-policias-aseguraran-la-ceremonia-inaugural-de-los-juegos-olimpicos-de-paris","status":"publish","type":"post","link":"https:\/\/archive.sana.sy\/es\/?p=334127","title":{"rendered":"45.000 polic\u00edas asegurar\u00e1n la ceremonia inaugural de los Juegos Ol\u00edmpicos de Par\u00eds"},"content":{"rendered":"<p style=\"text-align: justify;\"><span style=\"color: #800000;\"><strong>Par\u00eds, 18 Jul (SANA)<\/strong><\/span> El jefe de operaciones de planificaci\u00f3n y coordinaci\u00f3n de los Juegos Ol\u00edmpicos, Lambis Constantinidis, declar\u00f3 que alrededor de 45.000 polic\u00edas asegurar\u00e1n la ceremonia inaugural de los\u00a0 referidos juegos que ser\u00e1n efectuados en Par\u00eds el 26 de julio.<\/p>\n<p style=\"text-align: justify;\">\u00a0\u201cPor primera vez, la ceremonia de apertura de los Juegos Ol\u00edmpicos se llevar\u00e1 a cabo fuera del estadio, lo que ser\u00e1 testigo del transporte de atletas internacionales en unos 80 barcos por una distancia de 6 kil\u00f3metros desde el r\u00edo Sena hasta la Torre Eiffel\u201d, dijo el funcionario franc\u00e9s durante su inspecci\u00f3n de la sede de seguridad de los Juegos, seg\u00fan Reuters.<\/p>\n<p style=\"text-align: justify;\">A\u00f1adi\u00f3 que se espera que asistan m\u00e1s de 300.000 espectadores, lo que implique una enorme carga para las autoridades de seguridad, y por esta raz\u00f3n se necesita a un gran n\u00famero de agentes de seguridad.<\/p>\n<p style=\"text-align: justify;\">Asimismo explic\u00f3 que los planes de seguridad propuestos son muy eficaces, ya que m\u00e1s de 100 personas trabajar\u00e1n las 24 horas del d\u00eda en la sede de seguridad de los Juegos en Saint-Denis, en las afueras de Par\u00eds.<\/p>\n<p>ahs\/sm<\/p>\n","protected":false},"excerpt":{"rendered":"<p>Par\u00eds, 18 Jul (SANA) El jefe de operaciones de planificaci\u00f3n y coordinaci\u00f3n de los Juegos Ol\u00edmpicos, Lambis Constantinidis, declar\u00f3 que alrededor de 45.000 polic\u00edas asegurar\u00e1n la ceremonia inaugural de los\u00a0 referidos juegos que ser\u00e1n efectuados en Par\u00eds el 26 de julio. \u00a0\u201cPor primera vez, la ceremonia de apertura de los Juegos Ol\u00edmpicos se llevar\u00e1 a &hellip;<\/p>\n","protected":false},"author":39,"featured_media":334128,"comment_status":"closed","ping_status":"closed","sticky":false,"template":"","format":"standard","meta":{"footnotes":""},"categories":[597,494,456,16687,7541],"tags":[],"class_list":["post-334127","post","type-post","status-publish","format-standard","has-post-thumbnail","","category-cinta-de-noticias","category-deportes","category-arabe-internacional-politica","category-internacionales","category-ultimas-noticias"],"_links":{"self":[{"href":"https:\/\/archive.sana.sy\/es\/index.php?rest_route=\/wp\/v2\/posts\/334127"}],"collection":[{"href":"https:\/\/archive.sana.sy\/es\/index.php?rest_route=\/wp\/v2\/posts"}],"about":[{"href":"https:\/\/archive.sana.sy\/es\/index.php?rest_route=\/wp\/v2\/types\/post"}],"author":[{"embeddable":true,"href":"https:\/\/archive.sana.sy\/es\/index.php?rest_route=\/wp\/v2\/users\/39"}],"replies":[{"embeddable":true,"href":"https:\/\/archive.sana.sy\/es\/index.php?rest_route=%2Fwp%2Fv2%2Fcomments&post=334127"}],"version-history":[{"count":1,"href":"https:\/\/archive.sana.sy\/es\/index.php?rest_route=\/wp\/v2\/posts\/334127\/revisions"}],"predecessor-version":[{"id":334129,"href":"https:\/\/archive.sana.sy\/es\/index.php?rest_route=\/wp\/v2\/posts\/334127\/revisions\/334129"}],"wp:featuredmedia":[{"embeddable":true,"href":"https:\/\/archive.sana.sy\/es\/index.php?rest_route=\/wp\/v2\/media\/334128"}],"wp:attachment":[{"href":"https:\/\/archive.sana.sy\/es\/index.php?rest_route=%2Fwp%2Fv2%2Fmedia&parent=334127"}],"wp:term":[{"taxonomy":"category","embeddable":true,"href":"https:\/\/archive.sana.sy\/es\/index.php?rest_route=%2Fwp%2Fv2%2Fcategories&post=334127"},{"taxonomy":"post_tag","embeddable":true,"href":"https:\/\/archive.sana.sy\/es\/index.php?rest_route=%2Fwp%2Fv2%2Ftags&post=334127"}],"curies":[{"name":"wp","href":"https:\/\/api.w.org\/{rel}","templated":true}]}}