{"id":334130,"date":"2024-07-18T17:32:20","date_gmt":"2024-07-18T14:32:20","guid":{"rendered":"https:\/\/sana.sy\/es\/?p=334130"},"modified":"2024-07-18T17:34:27","modified_gmt":"2024-07-18T14:34:27","slug":"38-848-muertos-y-89-459-heridos-en-286-dias-de-agresion-israeli-a-gaza","status":"publish","type":"post","link":"https:\/\/archive.sana.sy\/es\/?p=334130","title":{"rendered":"38.848 muertos y 89.459 heridos en 286 d\u00edas de agresi\u00f3n israel\u00ed a Gaza"},"content":{"rendered":"<p style=\"text-align: justify;\"><span style=\"color: #800000;\"><strong>Jerusal\u00e9n ocupada, 18 jul (SANA)<\/strong><\/span> El Ministerio de Salud palestino inform\u00f3 hoy que durante las \u00faltimas 24 horas, el ocupante\u00a0 israel\u00ed cometi\u00f3 3 masacres en la Franja de Gaza, cuyas v\u00edctimas ascendieron a 54 muertos y 95 heridos.<\/p>\n<p style=\"text-align: justify;\">El n\u00famero total de v\u00edctimas durante 286 de agresi\u00f3n israel\u00ed en Gaza aument\u00f3 a 38.848 muertos y 89.459 heridos, preci\u00f3 el ente de Salud.<\/p>\n<p style=\"text-align: justify;\">Este jueves, decenas de palestinos perdieron la vida o resultaron heridos en nueva jornada de bombardeos en el marco de la agresi\u00f3n israel\u00ed contra la Franja de Gaza que ha entrado en su d\u00eda 286.<\/p>\n<p style=\"text-align: justify;\">Los aviones de guerra israel\u00edes bombardearon la ciudad de Al-Zawaida y los campamentos de Bureij y Nuseirat en el centro del enclave costero, lo que provoc\u00f3 la muerte de 11 palestinos y decenas resultaron heridos, mientras cuatro\u00a0 ni\u00f1os siguen bajo los escombros, inform\u00f3 la agencia Wafa.<\/p>\n<p style=\"text-align: justify;\">Asimismo, las fuerzas de ocupaci\u00f3n bombardearon una vivienda en las proximidades de la Plaza Palestina, en el centro de la ciudad de Gaza, lo que provoc\u00f3 la muerte de dos ni\u00f1as.<\/p>\n<p style=\"text-align: justify;\">De igual manera, la artiller\u00eda de ocupaci\u00f3n bombarde\u00f3 las ciudades de Khan Yunis y Rafah, en el sur de Gaza, causando varios heridos.<\/p>\n<p style=\"text-align: justify;\">fm\/ahs<\/p>\n","protected":false},"excerpt":{"rendered":"<p>Jerusal\u00e9n ocupada, 18 jul (SANA) El Ministerio de Salud palestino inform\u00f3 hoy que durante las \u00faltimas 24 horas, el ocupante\u00a0 israel\u00ed cometi\u00f3 3 masacres en la Franja de Gaza, cuyas v\u00edctimas ascendieron a 54 muertos y 95 heridos. El n\u00famero total de v\u00edctimas durante 286 de agresi\u00f3n israel\u00ed en Gaza aument\u00f3 a 38.848 muertos y &hellip;<\/p>\n","protected":false},"author":39,"featured_media":334131,"comment_status":"closed","ping_status":"closed","sticky":false,"template":"","format":"standard","meta":{"footnotes":""},"categories":[597,456,16687,20724,583],"tags":[],"class_list":["post-334130","post","type-post","status-publish","format-standard","has-post-thumbnail","","category-cinta-de-noticias","category-arabe-internacional-politica","category-internacionales","category-minuto-a-minuto","category-slide"],"_links":{"self":[{"href":"https:\/\/archive.sana.sy\/es\/index.php?rest_route=\/wp\/v2\/posts\/334130"}],"collection":[{"href":"https:\/\/archive.sana.sy\/es\/index.php?rest_route=\/wp\/v2\/posts"}],"about":[{"href":"https:\/\/archive.sana.sy\/es\/index.php?rest_route=\/wp\/v2\/types\/post"}],"author":[{"embeddable":true,"href":"https:\/\/archive.sana.sy\/es\/index.php?rest_route=\/wp\/v2\/users\/39"}],"replies":[{"embeddable":true,"href":"https:\/\/archive.sana.sy\/es\/index.php?rest_route=%2Fwp%2Fv2%2Fcomments&post=334130"}],"version-history":[{"count":3,"href":"https:\/\/archive.sana.sy\/es\/index.php?rest_route=\/wp\/v2\/posts\/334130\/revisions"}],"predecessor-version":[{"id":334134,"href":"https:\/\/archive.sana.sy\/es\/index.php?rest_route=\/wp\/v2\/posts\/334130\/revisions\/334134"}],"wp:featuredmedia":[{"embeddable":true,"href":"https:\/\/archive.sana.sy\/es\/index.php?rest_route=\/wp\/v2\/media\/334131"}],"wp:attachment":[{"href":"https:\/\/archive.sana.sy\/es\/index.php?rest_route=%2Fwp%2Fv2%2Fmedia&parent=334130"}],"wp:term":[{"taxonomy":"category","embeddable":true,"href":"https:\/\/archive.sana.sy\/es\/index.php?rest_route=%2Fwp%2Fv2%2Fcategories&post=334130"},{"taxonomy":"post_tag","embeddable":true,"href":"https:\/\/archive.sana.sy\/es\/index.php?rest_route=%2Fwp%2Fv2%2Ftags&post=334130"}],"curies":[{"name":"wp","href":"https:\/\/api.w.org\/{rel}","templated":true}]}}