{"id":334215,"date":"2024-07-20T10:11:53","date_gmt":"2024-07-20T07:11:53","guid":{"rendered":"https:\/\/sana.sy\/es\/?p=334215"},"modified":"2024-07-20T10:11:53","modified_gmt":"2024-07-20T07:11:53","slug":"alemania-insta-a-un-alto-el-fuego-en-gaza","status":"publish","type":"post","link":"https:\/\/archive.sana.sy\/es\/?p=334215","title":{"rendered":"Alemania insta a un alto el fuego en Gaza"},"content":{"rendered":"<p style=\"text-align: justify;\"><span style=\"color: #800000;\"><strong>Berl\u00edn, 20 jul (SANA)<\/strong> <\/span>Alemania inst\u00f3 a un alto el fuego en la Franja de Gaza ante el aumento de las v\u00edctimas y los riesgos para los civiles.<\/p>\n<p style=\"text-align: justify;\">La Ministra de Asuntos Exteriores de Alemania, Annalena Baerbock, dijo citada por RT que no hay lugar seguro para los civiles en Gaza&#8230; esta guerra en Gaza debe terminar.<\/p>\n<p style=\"text-align: justify;\">\u201cIncluso los pocos lugares abarrotados fueron bombardeados repetidamente\u201d, a\u00f1adi\u00f3.<\/p>\n<p style=\"text-align: justify;\">Baerbock subray\u00f3 que el derecho internacional humanitario impone l\u00edmites a cualquier guerra y las fuerzas israel\u00edes tienen el deber de proteger a la poblaci\u00f3n civil, y asegur\u00f3 que los civiles necesitan urgentemente apoyo y seguridad.<\/p>\n<p style=\"text-align: justify;\">La Ministra de Asuntos Exteriores alemana inst\u00f3 a todos los responsables en la regi\u00f3n y fuera de ella a centrar todas sus energ\u00edas en las negociaciones para un alto el fuego por razones humanitarias.<\/p>\n<p style=\"text-align: justify;\">La Corte Internacional de Justicia, la m\u00e1s alta instancia judicial de las Naciones Unidas, confirm\u00f3 este viernes que la ocupaci\u00f3n israel\u00ed de d\u00e9cadas de los territorios palestinos es ilegal y debe terminar lo antes posible.<\/p>\n<p style=\"text-align: justify;\">La CIJ destac\u00f3 que las pr\u00e1cticas de \u201cIsrael\u201d, incluido el desplazamiento de la poblaci\u00f3n y la expansi\u00f3n de asentamientos, violan sus compromisos internacionales y el derecho del pueblo palestino a la autodeterminaci\u00f3n.<\/p>\n<p style=\"text-align: justify;\"><em><strong>ah<\/strong><\/em><\/p>\n","protected":false},"excerpt":{"rendered":"<p>Berl\u00edn, 20 jul (SANA) Alemania inst\u00f3 a un alto el fuego en la Franja de Gaza ante el aumento de las v\u00edctimas y los riesgos para los civiles. La Ministra de Asuntos Exteriores de Alemania, Annalena Baerbock, dijo citada por RT que no hay lugar seguro para los civiles en Gaza&#8230; esta guerra en Gaza &hellip;<\/p>\n","protected":false},"author":30,"featured_media":334218,"comment_status":"closed","ping_status":"closed","sticky":false,"template":"","format":"standard","meta":{"footnotes":""},"categories":[597,456,20724,7541],"tags":[],"class_list":["post-334215","post","type-post","status-publish","format-standard","has-post-thumbnail","","category-cinta-de-noticias","category-arabe-internacional-politica","category-minuto-a-minuto","category-ultimas-noticias"],"_links":{"self":[{"href":"https:\/\/archive.sana.sy\/es\/index.php?rest_route=\/wp\/v2\/posts\/334215"}],"collection":[{"href":"https:\/\/archive.sana.sy\/es\/index.php?rest_route=\/wp\/v2\/posts"}],"about":[{"href":"https:\/\/archive.sana.sy\/es\/index.php?rest_route=\/wp\/v2\/types\/post"}],"author":[{"embeddable":true,"href":"https:\/\/archive.sana.sy\/es\/index.php?rest_route=\/wp\/v2\/users\/30"}],"replies":[{"embeddable":true,"href":"https:\/\/archive.sana.sy\/es\/index.php?rest_route=%2Fwp%2Fv2%2Fcomments&post=334215"}],"version-history":[{"count":1,"href":"https:\/\/archive.sana.sy\/es\/index.php?rest_route=\/wp\/v2\/posts\/334215\/revisions"}],"predecessor-version":[{"id":334219,"href":"https:\/\/archive.sana.sy\/es\/index.php?rest_route=\/wp\/v2\/posts\/334215\/revisions\/334219"}],"wp:featuredmedia":[{"embeddable":true,"href":"https:\/\/archive.sana.sy\/es\/index.php?rest_route=\/wp\/v2\/media\/334218"}],"wp:attachment":[{"href":"https:\/\/archive.sana.sy\/es\/index.php?rest_route=%2Fwp%2Fv2%2Fmedia&parent=334215"}],"wp:term":[{"taxonomy":"category","embeddable":true,"href":"https:\/\/archive.sana.sy\/es\/index.php?rest_route=%2Fwp%2Fv2%2Fcategories&post=334215"},{"taxonomy":"post_tag","embeddable":true,"href":"https:\/\/archive.sana.sy\/es\/index.php?rest_route=%2Fwp%2Fv2%2Ftags&post=334215"}],"curies":[{"name":"wp","href":"https:\/\/api.w.org\/{rel}","templated":true}]}}