{"id":334239,"date":"2024-07-20T15:46:34","date_gmt":"2024-07-20T12:46:34","guid":{"rendered":"https:\/\/sana.sy\/es\/?p=334239"},"modified":"2024-07-20T15:48:46","modified_gmt":"2024-07-20T12:48:46","slug":"cij-estrecha-margen-de-impunidad-para-israel","status":"publish","type":"post","link":"https:\/\/archive.sana.sy\/es\/?p=334239","title":{"rendered":"CIJ estrecha margen de impunidad para Israel"},"content":{"rendered":"<p><span style=\"color: #800000;\"><strong>Nueva York, 20 jul (SANA)\u00a0<\/strong><\/span> La reciente decisi\u00f3n de la Corte Internacional de Justicia (CIJ) que declar\u00f3 ilegal la ocupaci\u00f3n israel\u00ed de Palestina, estrecha la impunidad de Tel Aviv y advierte los riesgos de apoyar esas actividades.<\/p>\n<p>El anuncio del viernes, considerado hist\u00f3rico por el gobierno palestino, pidi\u00f3 adem\u00e1s la evacuaci\u00f3n de todos los colonos ocupantes en medio de una peligrosa expansi\u00f3n tambi\u00e9n advertida por Naciones Unidas.<\/p>\n<p><a href=\"http:\/\/sana.sy\/es\/wp-content\/uploads\/2024\/07\/744.jpg\"><img loading=\"lazy\" decoding=\"async\" class=\" wp-image-334242 alignleft\" src=\"http:\/\/sana.sy\/es\/wp-content\/uploads\/2024\/07\/744.jpg\" alt=\"\" width=\"384\" height=\"216\" srcset=\"https:\/\/archive.sana.sy\/es\/wp-content\/uploads\/2024\/07\/744.jpg 844w, https:\/\/archive.sana.sy\/es\/wp-content\/uploads\/2024\/07\/744-300x169.jpg 300w, https:\/\/archive.sana.sy\/es\/wp-content\/uploads\/2024\/07\/744-150x84.jpg 150w, https:\/\/archive.sana.sy\/es\/wp-content\/uploads\/2024\/07\/744-768x432.jpg 768w\" sizes=\"(max-width: 384px) 100vw, 384px\" \/><\/a>En su reacci\u00f3n a la decisi\u00f3n, el secretario general de la ONU, Ant\u00f3nio Guterres, urgi\u00f3 a reanudar la v\u00eda pol\u00edtica para poner fin a la ocupaci\u00f3n e insisti\u00f3 en la necesidad de un alto al fuego junto al establecimiento de la soluci\u00f3n de dos estados.<\/p>\n<p>La CIJ exigi\u00f3 adem\u00e1s \u201ccesar inmediatamente todas las nuevas actividades de asentamiento\u201d y recomend\u00f3 a otros estados no reconocer la presencia ilegal de Israel en demarcaciones palestinas.<\/p>\n<p>\u201cLas organizaciones internacionales, incluidas las Naciones Unidas, tienen la obligaci\u00f3n de no reconocer como legal la situaci\u00f3n derivada de la presencia ilegal del Estado de Israel en el territorio palestino ocupado\u201d, dijo adem\u00e1s el documento.<\/p>\n<p>El tribunal inst\u00f3 a otros organismos de la ONU, como la Asamblea General y el Consejo de Seguridad, a considerar las modalidades precisas y las medidas adicionales necesarias para poner fin lo antes posible a la presencia ilegal del Estado de Israel en el Territorio Palestino Ocupado.<\/p>\n<p>El veredicto de la consulta coincide adem\u00e1s con las alertas desde Naciones Unidas por la expansi\u00f3n de los asentamientos de colonos en la Cisjordania ocupada, otra grave consecuencia del conflicto en Gaza.<\/p>\n<p>Esta semana, el organismo advirti\u00f3 por las recientes medidas administrativas y jur\u00eddicas de Israel para expandir los asentamientos que alteran constantemente la geograf\u00eda del \u00e1rea.<\/p>\n<p>fm\/ed<\/p>\n","protected":false},"excerpt":{"rendered":"<p>Nueva York, 20 jul (SANA)\u00a0 La reciente decisi\u00f3n de la Corte Internacional de Justicia (CIJ) que declar\u00f3 ilegal la ocupaci\u00f3n israel\u00ed de Palestina, estrecha la impunidad de Tel Aviv y advierte los riesgos de apoyar esas actividades. El anuncio del viernes, considerado hist\u00f3rico por el gobierno palestino, pidi\u00f3 adem\u00e1s la evacuaci\u00f3n de todos los colonos &hellip;<\/p>\n","protected":false},"author":32,"featured_media":334240,"comment_status":"closed","ping_status":"closed","sticky":false,"template":"","format":"standard","meta":{"footnotes":""},"categories":[597,456,20724,7541],"tags":[],"class_list":["post-334239","post","type-post","status-publish","format-standard","has-post-thumbnail","","category-cinta-de-noticias","category-arabe-internacional-politica","category-minuto-a-minuto","category-ultimas-noticias"],"_links":{"self":[{"href":"https:\/\/archive.sana.sy\/es\/index.php?rest_route=\/wp\/v2\/posts\/334239"}],"collection":[{"href":"https:\/\/archive.sana.sy\/es\/index.php?rest_route=\/wp\/v2\/posts"}],"about":[{"href":"https:\/\/archive.sana.sy\/es\/index.php?rest_route=\/wp\/v2\/types\/post"}],"author":[{"embeddable":true,"href":"https:\/\/archive.sana.sy\/es\/index.php?rest_route=\/wp\/v2\/users\/32"}],"replies":[{"embeddable":true,"href":"https:\/\/archive.sana.sy\/es\/index.php?rest_route=%2Fwp%2Fv2%2Fcomments&post=334239"}],"version-history":[{"count":3,"href":"https:\/\/archive.sana.sy\/es\/index.php?rest_route=\/wp\/v2\/posts\/334239\/revisions"}],"predecessor-version":[{"id":334244,"href":"https:\/\/archive.sana.sy\/es\/index.php?rest_route=\/wp\/v2\/posts\/334239\/revisions\/334244"}],"wp:featuredmedia":[{"embeddable":true,"href":"https:\/\/archive.sana.sy\/es\/index.php?rest_route=\/wp\/v2\/media\/334240"}],"wp:attachment":[{"href":"https:\/\/archive.sana.sy\/es\/index.php?rest_route=%2Fwp%2Fv2%2Fmedia&parent=334239"}],"wp:term":[{"taxonomy":"category","embeddable":true,"href":"https:\/\/archive.sana.sy\/es\/index.php?rest_route=%2Fwp%2Fv2%2Fcategories&post=334239"},{"taxonomy":"post_tag","embeddable":true,"href":"https:\/\/archive.sana.sy\/es\/index.php?rest_route=%2Fwp%2Fv2%2Ftags&post=334239"}],"curies":[{"name":"wp","href":"https:\/\/api.w.org\/{rel}","templated":true}]}}