{"id":334245,"date":"2024-07-20T15:52:10","date_gmt":"2024-07-20T12:52:10","guid":{"rendered":"https:\/\/sana.sy\/es\/?p=334245"},"modified":"2024-07-20T15:53:28","modified_gmt":"2024-07-20T12:53:28","slug":"nicaragua-celebro-aniversario-45-de-la-victoria-de-la-revolucion-sandinista","status":"publish","type":"post","link":"https:\/\/archive.sana.sy\/es\/?p=334245","title":{"rendered":"Nicaragua celebr\u00f3 aniversario 45 de la victoria de la Revoluci\u00f3n Sandinista"},"content":{"rendered":"<p style=\"text-align: justify;\"><span style=\"color: #800000;\"><strong>Managua, 20 jul (SANA)<\/strong><\/span> Con la presencia de cientos de seguidores del Frente Sandinista de Liberaci\u00f3n Nacional (FSLN) e invitados internacionales, Nicaragua celebr\u00f3 el aniversario 45 de la victoria de julio de 1979.<\/p>\n<p style=\"text-align: justify;\">Con canciones patri\u00f3ticas se dieron cita en la Plaza de la Fe de esta capital para recordar el triunfo que les restituy\u00f3 los derechos a las familias nicarag\u00fcenses.<\/p>\n<p style=\"text-align: justify;\"><a href=\"http:\/\/sana.sy\/es\/wp-content\/uploads\/2024\/07\/photo_2024-07-20_15-38-51.jpg\"><img loading=\"lazy\" decoding=\"async\" class=\" wp-image-334248 alignleft\" src=\"http:\/\/sana.sy\/es\/wp-content\/uploads\/2024\/07\/photo_2024-07-20_15-38-51.jpg\" alt=\"\" width=\"370\" height=\"277\" srcset=\"https:\/\/archive.sana.sy\/es\/wp-content\/uploads\/2024\/07\/photo_2024-07-20_15-38-51.jpg 1280w, https:\/\/archive.sana.sy\/es\/wp-content\/uploads\/2024\/07\/photo_2024-07-20_15-38-51-300x225.jpg 300w, https:\/\/archive.sana.sy\/es\/wp-content\/uploads\/2024\/07\/photo_2024-07-20_15-38-51-1024x768.jpg 1024w, https:\/\/archive.sana.sy\/es\/wp-content\/uploads\/2024\/07\/photo_2024-07-20_15-38-51-150x113.jpg 150w, https:\/\/archive.sana.sy\/es\/wp-content\/uploads\/2024\/07\/photo_2024-07-20_15-38-51-768x576.jpg 768w\" sizes=\"(max-width: 370px) 100vw, 370px\" \/><\/a>En la actividad participan importantes delegaciones gubernamentales de pa\u00edses amigos como Cuba, Rusia, Belar\u00fas, Argelia e Ir\u00e1n, as\u00ed como representaciones de otras naciones de Asia, Europa, \u00c1frica y Am\u00e9rica Latina.<\/p>\n<p style=\"text-align: justify;\">En los \u00faltimos 17 a\u00f1os, el proceso revolucionario, liderado aqu\u00ed por el presidente Daniel Ortega y la vicemandataria Rosario Murillo, muestra importantes logros econ\u00f3micos, pol\u00edticos y sociales.<\/p>\n<p style=\"text-align: justify;\">De eso modo, la mayor\u00eda del pueblo nicarag\u00fcense (82,4 por ciento) apoya la gesti\u00f3n del actual Gobierno, seg\u00fan el m\u00e1s reciente estudio de opini\u00f3n p\u00fablica.<\/p>\n<p style=\"text-align: justify;\">El 19 de julio de 1979 triunf\u00f3 aqu\u00ed la tercera y \u00faltima Revoluci\u00f3n armada de Am\u00e9rica Latina y el Caribe, seguida de la mexicana (1910) y la cubana (1959).<\/p>\n<p>fm\/ed<\/p>\n","protected":false},"excerpt":{"rendered":"<p>Managua, 20 jul (SANA) Con la presencia de cientos de seguidores del Frente Sandinista de Liberaci\u00f3n Nacional (FSLN) e invitados internacionales, Nicaragua celebr\u00f3 el aniversario 45 de la victoria de julio de 1979. Con canciones patri\u00f3ticas se dieron cita en la Plaza de la Fe de esta capital para recordar el triunfo que les restituy\u00f3 &hellip;<\/p>\n","protected":false},"author":32,"featured_media":334246,"comment_status":"closed","ping_status":"closed","sticky":false,"template":"","format":"standard","meta":{"footnotes":""},"categories":[456,20724,7541],"tags":[],"class_list":["post-334245","post","type-post","status-publish","format-standard","has-post-thumbnail","","category-arabe-internacional-politica","category-minuto-a-minuto","category-ultimas-noticias"],"_links":{"self":[{"href":"https:\/\/archive.sana.sy\/es\/index.php?rest_route=\/wp\/v2\/posts\/334245"}],"collection":[{"href":"https:\/\/archive.sana.sy\/es\/index.php?rest_route=\/wp\/v2\/posts"}],"about":[{"href":"https:\/\/archive.sana.sy\/es\/index.php?rest_route=\/wp\/v2\/types\/post"}],"author":[{"embeddable":true,"href":"https:\/\/archive.sana.sy\/es\/index.php?rest_route=\/wp\/v2\/users\/32"}],"replies":[{"embeddable":true,"href":"https:\/\/archive.sana.sy\/es\/index.php?rest_route=%2Fwp%2Fv2%2Fcomments&post=334245"}],"version-history":[{"count":3,"href":"https:\/\/archive.sana.sy\/es\/index.php?rest_route=\/wp\/v2\/posts\/334245\/revisions"}],"predecessor-version":[{"id":334250,"href":"https:\/\/archive.sana.sy\/es\/index.php?rest_route=\/wp\/v2\/posts\/334245\/revisions\/334250"}],"wp:featuredmedia":[{"embeddable":true,"href":"https:\/\/archive.sana.sy\/es\/index.php?rest_route=\/wp\/v2\/media\/334246"}],"wp:attachment":[{"href":"https:\/\/archive.sana.sy\/es\/index.php?rest_route=%2Fwp%2Fv2%2Fmedia&parent=334245"}],"wp:term":[{"taxonomy":"category","embeddable":true,"href":"https:\/\/archive.sana.sy\/es\/index.php?rest_route=%2Fwp%2Fv2%2Fcategories&post=334245"},{"taxonomy":"post_tag","embeddable":true,"href":"https:\/\/archive.sana.sy\/es\/index.php?rest_route=%2Fwp%2Fv2%2Ftags&post=334245"}],"curies":[{"name":"wp","href":"https:\/\/api.w.org\/{rel}","templated":true}]}}