{"id":334294,"date":"2024-07-21T05:23:44","date_gmt":"2024-07-21T02:23:44","guid":{"rendered":"https:\/\/sana.sy\/es\/?p=334294"},"modified":"2024-07-21T05:23:44","modified_gmt":"2024-07-21T02:23:44","slug":"manifestaciones-en-paises-europeos-en-apoyo-al-pueblo-palestino","status":"publish","type":"post","link":"https:\/\/archive.sana.sy\/es\/?p=334294","title":{"rendered":"Manifestaciones en pa\u00edses europeos en apoyo al pueblo palestino"},"content":{"rendered":"<blockquote>\n<p style=\"text-align: justify;\"><span style=\"color: #993300;\">Los manifestantes se reunieron en la capital francesa, Par\u00eds, y \u00a0exigieron impedir que Israel participara en los Juegos Ol\u00edmpicos, que comienzan a finales de este mes.<\/span><\/p>\n<\/blockquote>\n<p style=\"text-align: justify;\"><span style=\"color: #800000;\"><strong>Capitales, 21 jul (SANA)\u00a0<\/strong> <\/span>Varias ciudades europeas han sido testigos de manifestaciones en solidaridad y apoyo al pueblo palestino, y para denunciar la agresi\u00f3n israel\u00ed a la Franja de Gaza.<\/p>\n<p style=\"text-align: justify;\">Los manifestantes se reunieron en la capital francesa, Par\u00eds, y \u00a0exigieron impedir que Israel participara en los Juegos Ol\u00edmpicos, que comienzan a finales de este mes.<\/p>\n<p style=\"text-align: justify;\">Cientos de personas tambi\u00e9n participaron en dos manifestaciones para exigir el fin de la guerra en Gaza en la capital danesa, Copenhague, y en la ciudad danesa de Aarhus, mientras que hubo una marcha en bicicleta en la capital finlandesa, Helsinki, para denunciar el genocidio sionista.<\/p>\n<p style=\"text-align: justify;\">La ciudad alemana de Salzgitter fue testigo tambi\u00e9n de una demostraci\u00f3n que exige el fin de la agresi\u00f3n contra Gaza.<\/p>\n<p style=\"text-align: justify;\">Las ciudades de Helsingborg y Uppsala en Suecia fueron escenarios de dos protestas en las que se denunci\u00f3 la agresi\u00f3n israel\u00ed contra la Franja de Gaza y el genocidio contra el pueblo palestino.<\/p>\n<p style=\"text-align: justify;\">fm<\/p>\n<p style=\"text-align: justify;\">\n","protected":false},"excerpt":{"rendered":"<p>Los manifestantes se reunieron en la capital francesa, Par\u00eds, y \u00a0exigieron impedir que Israel participara en los Juegos Ol\u00edmpicos, que comienzan a finales de este mes. Capitales, 21 jul (SANA)\u00a0 Varias ciudades europeas han sido testigos de manifestaciones en solidaridad y apoyo al pueblo palestino, y para denunciar la agresi\u00f3n israel\u00ed a la Franja de &hellip;<\/p>\n","protected":false},"author":34,"featured_media":334295,"comment_status":"closed","ping_status":"closed","sticky":false,"template":"","format":"standard","meta":{"footnotes":""},"categories":[597,456,20724,7541],"tags":[],"class_list":["post-334294","post","type-post","status-publish","format-standard","has-post-thumbnail","","category-cinta-de-noticias","category-arabe-internacional-politica","category-minuto-a-minuto","category-ultimas-noticias"],"_links":{"self":[{"href":"https:\/\/archive.sana.sy\/es\/index.php?rest_route=\/wp\/v2\/posts\/334294"}],"collection":[{"href":"https:\/\/archive.sana.sy\/es\/index.php?rest_route=\/wp\/v2\/posts"}],"about":[{"href":"https:\/\/archive.sana.sy\/es\/index.php?rest_route=\/wp\/v2\/types\/post"}],"author":[{"embeddable":true,"href":"https:\/\/archive.sana.sy\/es\/index.php?rest_route=\/wp\/v2\/users\/34"}],"replies":[{"embeddable":true,"href":"https:\/\/archive.sana.sy\/es\/index.php?rest_route=%2Fwp%2Fv2%2Fcomments&post=334294"}],"version-history":[{"count":1,"href":"https:\/\/archive.sana.sy\/es\/index.php?rest_route=\/wp\/v2\/posts\/334294\/revisions"}],"predecessor-version":[{"id":334296,"href":"https:\/\/archive.sana.sy\/es\/index.php?rest_route=\/wp\/v2\/posts\/334294\/revisions\/334296"}],"wp:featuredmedia":[{"embeddable":true,"href":"https:\/\/archive.sana.sy\/es\/index.php?rest_route=\/wp\/v2\/media\/334295"}],"wp:attachment":[{"href":"https:\/\/archive.sana.sy\/es\/index.php?rest_route=%2Fwp%2Fv2%2Fmedia&parent=334294"}],"wp:term":[{"taxonomy":"category","embeddable":true,"href":"https:\/\/archive.sana.sy\/es\/index.php?rest_route=%2Fwp%2Fv2%2Fcategories&post=334294"},{"taxonomy":"post_tag","embeddable":true,"href":"https:\/\/archive.sana.sy\/es\/index.php?rest_route=%2Fwp%2Fv2%2Ftags&post=334294"}],"curies":[{"name":"wp","href":"https:\/\/api.w.org\/{rel}","templated":true}]}}