{"id":334300,"date":"2024-07-21T10:14:49","date_gmt":"2024-07-21T07:14:49","guid":{"rendered":"https:\/\/sana.sy\/es\/?p=334300"},"modified":"2024-07-21T10:16:45","modified_gmt":"2024-07-21T07:16:45","slug":"ortega-insta-la-otan-y-eeuu-a-cambiar-su-politica-de-patadas-hacia-los-pueblos-del-mundo","status":"publish","type":"post","link":"https:\/\/archive.sana.sy\/es\/?p=334300","title":{"rendered":"Ortega insta la OTAN y EEUU a cambiar su pol\u00edtica de &#8220;patadas&#8221; hacia los pueblos del mundo"},"content":{"rendered":"<p style=\"text-align: justify;\"><span style=\"color: #800000;\"><strong>Managua, 21 jul (SANA)\u00a0<\/strong> <\/span>\u00a0 El presidente de Nicaragua, Daniel Ortega, recibi\u00f3 al Jefe de la Duma Estatal de la Federaci\u00f3n de Rusia, Viacheslav Volodin.<\/p>\n<p style=\"text-align: justify;\">Las dos partes se manifestaron por la lucha que encabeza la naci\u00f3n euroasi\u00e1tica, contra el modelo hegem\u00f3nico occidental en el mundo, inform\u00f3 la agencia Sputnik.<\/p>\n<p style=\"text-align: justify;\">&#8220;Quisi\u00e9ramos que las potencias que est\u00e1n agrupadas en la OTAN, encabezadas por los Estados Unidos, tuvieran este mismo comportamiento con los pa\u00edses en v\u00edas de desarrollo, de Asia, de \u00c1frica, de Am\u00e9rica Latina y que cambiaran su pol\u00edtica de &#8216;patadas&#8217; contra nuestros pueblos, por una pol\u00edtica de respeto como la que practica la Federaci\u00f3n Rusa&#8221;, afirm\u00f3 Ortega.<\/p>\n<p style=\"text-align: justify;\">El mandatario reiter\u00f3 sus denuncias sobre las pr\u00e1cticas lesivas de EEUU y sus aliados en la OTAN, contra la soberan\u00eda de otras naciones a trav\u00e9s de la imposici\u00f3n de sanciones financieras y comerciales.<\/p>\n<p style=\"text-align: justify;\"><strong>fm\/ws<\/strong><\/p>\n","protected":false},"excerpt":{"rendered":"<p>Managua, 21 jul (SANA)\u00a0 \u00a0 El presidente de Nicaragua, Daniel Ortega, recibi\u00f3 al Jefe de la Duma Estatal de la Federaci\u00f3n de Rusia, Viacheslav Volodin. Las dos partes se manifestaron por la lucha que encabeza la naci\u00f3n euroasi\u00e1tica, contra el modelo hegem\u00f3nico occidental en el mundo, inform\u00f3 la agencia Sputnik. &#8220;Quisi\u00e9ramos que las potencias que &hellip;<\/p>\n","protected":false},"author":35,"featured_media":334302,"comment_status":"closed","ping_status":"closed","sticky":false,"template":"","format":"standard","meta":{"footnotes":""},"categories":[597,456,16687,20724,7541],"tags":[],"class_list":["post-334300","post","type-post","status-publish","format-standard","has-post-thumbnail","","category-cinta-de-noticias","category-arabe-internacional-politica","category-internacionales","category-minuto-a-minuto","category-ultimas-noticias"],"_links":{"self":[{"href":"https:\/\/archive.sana.sy\/es\/index.php?rest_route=\/wp\/v2\/posts\/334300"}],"collection":[{"href":"https:\/\/archive.sana.sy\/es\/index.php?rest_route=\/wp\/v2\/posts"}],"about":[{"href":"https:\/\/archive.sana.sy\/es\/index.php?rest_route=\/wp\/v2\/types\/post"}],"author":[{"embeddable":true,"href":"https:\/\/archive.sana.sy\/es\/index.php?rest_route=\/wp\/v2\/users\/35"}],"replies":[{"embeddable":true,"href":"https:\/\/archive.sana.sy\/es\/index.php?rest_route=%2Fwp%2Fv2%2Fcomments&post=334300"}],"version-history":[{"count":2,"href":"https:\/\/archive.sana.sy\/es\/index.php?rest_route=\/wp\/v2\/posts\/334300\/revisions"}],"predecessor-version":[{"id":334303,"href":"https:\/\/archive.sana.sy\/es\/index.php?rest_route=\/wp\/v2\/posts\/334300\/revisions\/334303"}],"wp:featuredmedia":[{"embeddable":true,"href":"https:\/\/archive.sana.sy\/es\/index.php?rest_route=\/wp\/v2\/media\/334302"}],"wp:attachment":[{"href":"https:\/\/archive.sana.sy\/es\/index.php?rest_route=%2Fwp%2Fv2%2Fmedia&parent=334300"}],"wp:term":[{"taxonomy":"category","embeddable":true,"href":"https:\/\/archive.sana.sy\/es\/index.php?rest_route=%2Fwp%2Fv2%2Fcategories&post=334300"},{"taxonomy":"post_tag","embeddable":true,"href":"https:\/\/archive.sana.sy\/es\/index.php?rest_route=%2Fwp%2Fv2%2Ftags&post=334300"}],"curies":[{"name":"wp","href":"https:\/\/api.w.org\/{rel}","templated":true}]}}