{"id":334357,"date":"2024-07-21T19:12:47","date_gmt":"2024-07-21T16:12:47","guid":{"rendered":"https:\/\/sana.sy\/es\/?p=334357"},"modified":"2024-07-21T19:12:47","modified_gmt":"2024-07-21T16:12:47","slug":"eeuu-y-reino-unido-perpetran-4-agresiones-aereas-contra-yemen","status":"publish","type":"post","link":"https:\/\/archive.sana.sy\/es\/?p=334357","title":{"rendered":"EEUU y Reino Unido perpetran 4 agresiones a\u00e9reas contra Yemen"},"content":{"rendered":"<p style=\"text-align: justify;\"><span style=\"color: #800000;\"><strong>San\u00e1, 21 jul (SANA)<\/strong><\/span>\u00a0 Las fuerzas de EEUU y Reino Unido lanzaron hoy cuatro ataques a\u00e9reos contra la provincia de Hodeida, en el oeste de Yemen.<\/p>\n<p style=\"text-align: justify;\">&#8220;Los ataques apuntaron contra la zona de Ras Isa, en el distrito de Al Salif&#8221;, comunic\u00f3 el canal de televisi\u00f3n yemen\u00ed &#8220;Al Masirah&#8221;.<\/p>\n<p style=\"text-align: justify;\">Las Fuerzas Armadas yemen\u00edes hab\u00edan llevado a cabo una operaci\u00f3n militar espec\u00edfica contra el buque estadounidense Pumba en el mar Rojo con varios misiles bal\u00edsticos y drones, lo que condujo a un impacto directo contra la nave.<\/p>\n<p style=\"text-align: justify;\">fm\/rr<\/p>\n","protected":false},"excerpt":{"rendered":"<p>San\u00e1, 21 jul (SANA)\u00a0 Las fuerzas de EEUU y Reino Unido lanzaron hoy cuatro ataques a\u00e9reos contra la provincia de Hodeida, en el oeste de Yemen. &#8220;Los ataques apuntaron contra la zona de Ras Isa, en el distrito de Al Salif&#8221;, comunic\u00f3 el canal de televisi\u00f3n yemen\u00ed &#8220;Al Masirah&#8221;. Las Fuerzas Armadas yemen\u00edes hab\u00edan llevado &hellip;<\/p>\n","protected":false},"author":31,"featured_media":334358,"comment_status":"closed","ping_status":"closed","sticky":false,"template":"","format":"standard","meta":{"footnotes":""},"categories":[597,456,16687],"tags":[],"class_list":["post-334357","post","type-post","status-publish","format-standard","has-post-thumbnail","","category-cinta-de-noticias","category-arabe-internacional-politica","category-internacionales"],"_links":{"self":[{"href":"https:\/\/archive.sana.sy\/es\/index.php?rest_route=\/wp\/v2\/posts\/334357"}],"collection":[{"href":"https:\/\/archive.sana.sy\/es\/index.php?rest_route=\/wp\/v2\/posts"}],"about":[{"href":"https:\/\/archive.sana.sy\/es\/index.php?rest_route=\/wp\/v2\/types\/post"}],"author":[{"embeddable":true,"href":"https:\/\/archive.sana.sy\/es\/index.php?rest_route=\/wp\/v2\/users\/31"}],"replies":[{"embeddable":true,"href":"https:\/\/archive.sana.sy\/es\/index.php?rest_route=%2Fwp%2Fv2%2Fcomments&post=334357"}],"version-history":[{"count":1,"href":"https:\/\/archive.sana.sy\/es\/index.php?rest_route=\/wp\/v2\/posts\/334357\/revisions"}],"predecessor-version":[{"id":334359,"href":"https:\/\/archive.sana.sy\/es\/index.php?rest_route=\/wp\/v2\/posts\/334357\/revisions\/334359"}],"wp:featuredmedia":[{"embeddable":true,"href":"https:\/\/archive.sana.sy\/es\/index.php?rest_route=\/wp\/v2\/media\/334358"}],"wp:attachment":[{"href":"https:\/\/archive.sana.sy\/es\/index.php?rest_route=%2Fwp%2Fv2%2Fmedia&parent=334357"}],"wp:term":[{"taxonomy":"category","embeddable":true,"href":"https:\/\/archive.sana.sy\/es\/index.php?rest_route=%2Fwp%2Fv2%2Fcategories&post=334357"},{"taxonomy":"post_tag","embeddable":true,"href":"https:\/\/archive.sana.sy\/es\/index.php?rest_route=%2Fwp%2Fv2%2Ftags&post=334357"}],"curies":[{"name":"wp","href":"https:\/\/api.w.org\/{rel}","templated":true}]}}