{"id":334364,"date":"2024-07-22T05:39:16","date_gmt":"2024-07-22T02:39:16","guid":{"rendered":"https:\/\/sana.sy\/es\/?p=334364"},"modified":"2024-07-22T05:39:16","modified_gmt":"2024-07-22T02:39:16","slug":"era-un-secreto-a-voces-pero-solo-faltaba-el-cuando-biden-anuncia-su-retiro-de-la-carrera-presidencial","status":"publish","type":"post","link":"https:\/\/archive.sana.sy\/es\/?p=334364","title":{"rendered":"Era un secreto a voces, pero solo faltaba el cu\u00e1ndo: Biden anuncia su retiro de la carrera presidencial"},"content":{"rendered":"<p style=\"text-align: justify;\"><span style=\"color: #800000;\"><strong>Washington, 22 jul (SANA)<\/strong> <\/span>El presidente de Estados Unidos, Joe Biden, anunci\u00f3 que no se presentar\u00e1 a la reelecci\u00f3n en medio de una presi\u00f3n por su salida, imposible de contener.<\/p>\n<p style=\"text-align: justify;\">&#8220;Ha sido el mayor honor de mi vida servir como su presidente. Y aunque ha sido mi intenci\u00f3n buscar la reelecci\u00f3n, creo que es lo mejor para mi partido y para el pa\u00eds renunciar y concentrarme \u00fanicamente en cumplir con mis deberes como presidente por el resto de mi mandato&#8221;, escribi\u00f3 en su mensaje a la naci\u00f3n.<\/p>\n<p style=\"text-align: justify;\">Asegur\u00f3 que respaldar\u00e1 la candidatura de su vicepresidenta Kamala Harris, de quien dijo hace pocos d\u00edas que estaba perfectamente calificada para ser presidenta.<\/p>\n<p style=\"text-align: justify;\">La gota que colm\u00f3 la copa fue el pobre desempe\u00f1o de Biden el pasado 27 de junio durante el debate presidencial con su rival republicano, Donald Trump, donde \u00e9l dijo tuvo \u201cuna mala noche\u201d.<\/p>\n<p style=\"text-align: justify;\">Al menos 35 dem\u00f3cratas del Congreso pidieron p\u00fablicamente la salida de Biden de la contienda, una presi\u00f3n creciente apoyada adem\u00e1s por casi todos los principales medios de prensa de Estados Unidos.<\/p>\n<p style=\"text-align: justify;\">El Presidente 46, de 81 a\u00f1os, no pudo revertir el creciente sentimiento dentro de su partido de que era demasiado fr\u00e1gil para servir y estaba destinado a perder ante Trump en noviembre.<\/p>\n<p style=\"text-align: justify;\">fm<\/p>\n","protected":false},"excerpt":{"rendered":"<p>Washington, 22 jul (SANA) El presidente de Estados Unidos, Joe Biden, anunci\u00f3 que no se presentar\u00e1 a la reelecci\u00f3n en medio de una presi\u00f3n por su salida, imposible de contener. &#8220;Ha sido el mayor honor de mi vida servir como su presidente. Y aunque ha sido mi intenci\u00f3n buscar la reelecci\u00f3n, creo que es lo &hellip;<\/p>\n","protected":false},"author":34,"featured_media":334365,"comment_status":"closed","ping_status":"closed","sticky":false,"template":"","format":"standard","meta":{"footnotes":""},"categories":[597,456,20724,7541],"tags":[],"class_list":["post-334364","post","type-post","status-publish","format-standard","has-post-thumbnail","","category-cinta-de-noticias","category-arabe-internacional-politica","category-minuto-a-minuto","category-ultimas-noticias"],"_links":{"self":[{"href":"https:\/\/archive.sana.sy\/es\/index.php?rest_route=\/wp\/v2\/posts\/334364"}],"collection":[{"href":"https:\/\/archive.sana.sy\/es\/index.php?rest_route=\/wp\/v2\/posts"}],"about":[{"href":"https:\/\/archive.sana.sy\/es\/index.php?rest_route=\/wp\/v2\/types\/post"}],"author":[{"embeddable":true,"href":"https:\/\/archive.sana.sy\/es\/index.php?rest_route=\/wp\/v2\/users\/34"}],"replies":[{"embeddable":true,"href":"https:\/\/archive.sana.sy\/es\/index.php?rest_route=%2Fwp%2Fv2%2Fcomments&post=334364"}],"version-history":[{"count":1,"href":"https:\/\/archive.sana.sy\/es\/index.php?rest_route=\/wp\/v2\/posts\/334364\/revisions"}],"predecessor-version":[{"id":334366,"href":"https:\/\/archive.sana.sy\/es\/index.php?rest_route=\/wp\/v2\/posts\/334364\/revisions\/334366"}],"wp:featuredmedia":[{"embeddable":true,"href":"https:\/\/archive.sana.sy\/es\/index.php?rest_route=\/wp\/v2\/media\/334365"}],"wp:attachment":[{"href":"https:\/\/archive.sana.sy\/es\/index.php?rest_route=%2Fwp%2Fv2%2Fmedia&parent=334364"}],"wp:term":[{"taxonomy":"category","embeddable":true,"href":"https:\/\/archive.sana.sy\/es\/index.php?rest_route=%2Fwp%2Fv2%2Fcategories&post=334364"},{"taxonomy":"post_tag","embeddable":true,"href":"https:\/\/archive.sana.sy\/es\/index.php?rest_route=%2Fwp%2Fv2%2Ftags&post=334364"}],"curies":[{"name":"wp","href":"https:\/\/api.w.org\/{rel}","templated":true}]}}