{"id":334381,"date":"2024-07-22T13:06:35","date_gmt":"2024-07-22T10:06:35","guid":{"rendered":"https:\/\/sana.sy\/es\/?p=334381"},"modified":"2024-07-22T19:33:40","modified_gmt":"2024-07-22T16:33:40","slug":"canciller-sirio-recibe-a-ali-asghar-khaji-en-damasco","status":"publish","type":"post","link":"https:\/\/archive.sana.sy\/es\/?p=334381","title":{"rendered":"Canciller sirio recibe a Ali Asghar Khaji en Damasco"},"content":{"rendered":"<p style=\"text-align: justify;\"><span style=\"color: #800000;\"><strong>Damasco, 22 jul (SANA)<\/strong><\/span> El ministro de Exteriores y Expatriados, Faisal Al-Mekdad, se reuni\u00f3 hoy con el asesor principal del ministro de Exteriores iran\u00ed para Asuntos Pol\u00edticos Especiales, Ali Asghar Khaji.<\/p>\n<p style=\"text-align: justify;\">El funcionario iran\u00ed y la delegaci\u00f3n que lo acompa\u00f1a hab\u00edan sido recibidos en la sede de la Canciller\u00eda en Damasco, la capital siria.<\/p>\n<p style=\"text-align: justify;\"><span style=\"color: #800000;\"><strong>ws\/fm<\/strong><\/span><\/p>\n","protected":false},"excerpt":{"rendered":"<p>Damasco, 22 jul (SANA) El ministro de Exteriores y Expatriados, Faisal Al-Mekdad, se reuni\u00f3 hoy con el asesor principal del ministro de Exteriores iran\u00ed para Asuntos Pol\u00edticos Especiales, Ali Asghar Khaji. El funcionario iran\u00ed y la delegaci\u00f3n que lo acompa\u00f1a hab\u00edan sido recibidos en la sede de la Canciller\u00eda en Damasco, la capital siria. ws\/fm<\/p>\n","protected":false},"author":35,"featured_media":334382,"comment_status":"closed","ping_status":"closed","sticky":false,"template":"","format":"standard","meta":{"footnotes":""},"categories":[447,477,597,20724,476,16688],"tags":[],"class_list":["post-334381","post","type-post","status-publish","format-standard","has-post-thumbnail","","category-local-politica","category-noticias-edulcorantes","category-cinta-de-noticias","category-minuto-a-minuto","category-locales","category-nacionales"],"_links":{"self":[{"href":"https:\/\/archive.sana.sy\/es\/index.php?rest_route=\/wp\/v2\/posts\/334381"}],"collection":[{"href":"https:\/\/archive.sana.sy\/es\/index.php?rest_route=\/wp\/v2\/posts"}],"about":[{"href":"https:\/\/archive.sana.sy\/es\/index.php?rest_route=\/wp\/v2\/types\/post"}],"author":[{"embeddable":true,"href":"https:\/\/archive.sana.sy\/es\/index.php?rest_route=\/wp\/v2\/users\/35"}],"replies":[{"embeddable":true,"href":"https:\/\/archive.sana.sy\/es\/index.php?rest_route=%2Fwp%2Fv2%2Fcomments&post=334381"}],"version-history":[{"count":3,"href":"https:\/\/archive.sana.sy\/es\/index.php?rest_route=\/wp\/v2\/posts\/334381\/revisions"}],"predecessor-version":[{"id":334447,"href":"https:\/\/archive.sana.sy\/es\/index.php?rest_route=\/wp\/v2\/posts\/334381\/revisions\/334447"}],"wp:featuredmedia":[{"embeddable":true,"href":"https:\/\/archive.sana.sy\/es\/index.php?rest_route=\/wp\/v2\/media\/334382"}],"wp:attachment":[{"href":"https:\/\/archive.sana.sy\/es\/index.php?rest_route=%2Fwp%2Fv2%2Fmedia&parent=334381"}],"wp:term":[{"taxonomy":"category","embeddable":true,"href":"https:\/\/archive.sana.sy\/es\/index.php?rest_route=%2Fwp%2Fv2%2Fcategories&post=334381"},{"taxonomy":"post_tag","embeddable":true,"href":"https:\/\/archive.sana.sy\/es\/index.php?rest_route=%2Fwp%2Fv2%2Ftags&post=334381"}],"curies":[{"name":"wp","href":"https:\/\/api.w.org\/{rel}","templated":true}]}}