{"id":334385,"date":"2024-07-22T13:20:43","date_gmt":"2024-07-22T10:20:43","guid":{"rendered":"https:\/\/sana.sy\/es\/?p=334385"},"modified":"2024-07-22T19:11:44","modified_gmt":"2024-07-22T16:11:44","slug":"nuevas-masacres-cometidas-por-israel-en-gaza-dejan-decenas-de-muertos-y-heridos","status":"publish","type":"post","link":"https:\/\/archive.sana.sy\/es\/?p=334385","title":{"rendered":"Nuevas masacres cometidas por &#8220;Israel&#8221; en Gaza dejan decenas de muertos y heridos"},"content":{"rendered":"<blockquote>\n<p style=\"text-align: justify;\"><span style=\"color: #993300;\"><strong>En la ciudad sure\u00f1a de Jan Yun\u00eds, las tropas sionistas recrudecieron sus ataques donde una mujer y una ni\u00f1a murieron, y 17 palestinos resultaron heridos por incursiones a\u00e9reas contra dos viviendas palestinas en el oeste y este de la ciudad.<\/strong><\/span><\/p>\n<\/blockquote>\n<p style=\"text-align: justify;\"><span style=\"color: #800000;\"><strong>Jerusal\u00e9n ocupada, 22 jul (SANA)<\/strong><\/span>\u00a0 Desde el pasado 7 de octubre, las v\u00edctimas de la guerra genocida israel\u00ed contra Gaza han ido aumentando vertiginosamente a medida que los ataques por aire, tierra y mar se intensificaron contra varias regiones en el enclave costero.<\/p>\n<p style=\"text-align: justify;\">Durante el d\u00eda 290 de la agresi\u00f3n, decenas de palestinos perdieron la vida y otros fueron lesionados por nuevos bombardeos.<\/p>\n<p style=\"text-align: justify;\">Seg\u00fan lo difundido por los medios de prensa palestinos, los cazas del ej\u00e9rcito israel\u00ed bombardearon una vivienda en el barrio de Al-Tuffah, al este de Gaza, lo que provoc\u00f3 la muerte de tres gazat\u00edes y la lesi\u00f3n de otros.<\/p>\n<p style=\"text-align: justify;\">En la ciudad sure\u00f1a de Jan Yun\u00eds, las tropas sionistas recrudecieron sus ataques donde una mujer y una ni\u00f1a murieron, y 17 palestinos resultaron heridos por incursiones a\u00e9reas contra dos viviendas palestinas en el oeste y este de la ciudad.<\/p>\n<p style=\"text-align: justify;\">Durante m\u00e1s de nueve meses de incesantes ataques de \u201cIsrael\u201d contra Gaza , la cifra total de personas muertas ascendi\u00f3 a 38.983, mientras casi 90 mil gazat\u00edes resultaron heridos, seg\u00fan report\u00f3 el Ministerio de Salud palestino .<\/p>\n<p style=\"text-align: justify;\">ws\/fm<\/p>\n","protected":false},"excerpt":{"rendered":"<p>En la ciudad sure\u00f1a de Jan Yun\u00eds, las tropas sionistas recrudecieron sus ataques donde una mujer y una ni\u00f1a murieron, y 17 palestinos resultaron heridos por incursiones a\u00e9reas contra dos viviendas palestinas en el oeste y este de la ciudad. Jerusal\u00e9n ocupada, 22 jul (SANA)\u00a0 Desde el pasado 7 de octubre, las v\u00edctimas de la &hellip;<\/p>\n","protected":false},"author":35,"featured_media":334386,"comment_status":"closed","ping_status":"closed","sticky":false,"template":"","format":"standard","meta":{"footnotes":""},"categories":[597,456,16687,20724,583],"tags":[],"class_list":["post-334385","post","type-post","status-publish","format-standard","has-post-thumbnail","","category-cinta-de-noticias","category-arabe-internacional-politica","category-internacionales","category-minuto-a-minuto","category-slide"],"_links":{"self":[{"href":"https:\/\/archive.sana.sy\/es\/index.php?rest_route=\/wp\/v2\/posts\/334385"}],"collection":[{"href":"https:\/\/archive.sana.sy\/es\/index.php?rest_route=\/wp\/v2\/posts"}],"about":[{"href":"https:\/\/archive.sana.sy\/es\/index.php?rest_route=\/wp\/v2\/types\/post"}],"author":[{"embeddable":true,"href":"https:\/\/archive.sana.sy\/es\/index.php?rest_route=\/wp\/v2\/users\/35"}],"replies":[{"embeddable":true,"href":"https:\/\/archive.sana.sy\/es\/index.php?rest_route=%2Fwp%2Fv2%2Fcomments&post=334385"}],"version-history":[{"count":4,"href":"https:\/\/archive.sana.sy\/es\/index.php?rest_route=\/wp\/v2\/posts\/334385\/revisions"}],"predecessor-version":[{"id":334446,"href":"https:\/\/archive.sana.sy\/es\/index.php?rest_route=\/wp\/v2\/posts\/334385\/revisions\/334446"}],"wp:featuredmedia":[{"embeddable":true,"href":"https:\/\/archive.sana.sy\/es\/index.php?rest_route=\/wp\/v2\/media\/334386"}],"wp:attachment":[{"href":"https:\/\/archive.sana.sy\/es\/index.php?rest_route=%2Fwp%2Fv2%2Fmedia&parent=334385"}],"wp:term":[{"taxonomy":"category","embeddable":true,"href":"https:\/\/archive.sana.sy\/es\/index.php?rest_route=%2Fwp%2Fv2%2Fcategories&post=334385"},{"taxonomy":"post_tag","embeddable":true,"href":"https:\/\/archive.sana.sy\/es\/index.php?rest_route=%2Fwp%2Fv2%2Ftags&post=334385"}],"curies":[{"name":"wp","href":"https:\/\/api.w.org\/{rel}","templated":true}]}}