{"id":334390,"date":"2024-07-22T13:26:14","date_gmt":"2024-07-22T10:26:14","guid":{"rendered":"https:\/\/sana.sy\/es\/?p=334390"},"modified":"2024-07-22T13:26:14","modified_gmt":"2024-07-22T10:26:14","slug":"siria-participa-en-conferencia-internacional-de-bagdad-sobre-lucha-contra-las-drogas","status":"publish","type":"post","link":"https:\/\/archive.sana.sy\/es\/?p=334390","title":{"rendered":"Siria participa en Conferencia Internacional de Bagdad sobre Lucha contra las Drogas"},"content":{"rendered":"<p style=\"text-align: justify;\"><span style=\"color: #800000;\"><strong>Bagdad, 22 jul (SANA)\u00a0<\/strong><\/span> La II Conferencia Internacional de Lucha contra las Drogas inici\u00f3 este lunes en Bagdad, la capital de Iraq.<\/p>\n<p style=\"text-align: justify;\">El evento cont\u00f3 con la participaci\u00f3n de los ministros del interior de los pa\u00edses vecinos de Iraq, incluido el titular sirio del Interior, Mohammed Al Rahmoun.<\/p>\n<p style=\"text-align: justify;\">En su discurso de apertura de la Conferencia, el primer ministro iraqu\u00ed, Mohammed Sheya Al-Sudani, destac\u00f3 que el gobierno de su pa\u00eds inici\u00f3 medidas para desarticular las bandas de narcotraficantes, y destac\u00f3 la disposici\u00f3n de Bagdad para una coordinaci\u00f3n conjunta con los pa\u00edses vecinos.<\/p>\n<p style=\"text-align: justify;\">Por su parte, el ministro del Interior iraqu\u00ed, Abdul Amir Al-Shammari, afirm\u00f3 que la amenaza de las drogas aument\u00f3 fuertemente y que se hace necesario un documento internacional para controlar este flagelo.<\/p>\n<p style=\"text-align: justify;\">Enfatiz\u00f3 la necesidad de la cooperaci\u00f3n y coordinaci\u00f3n en la lucha contra la amenaza de las drogas.<\/p>\n<p style=\"text-align: justify;\">ed\/fm<\/p>\n","protected":false},"excerpt":{"rendered":"<p>Bagdad, 22 jul (SANA)\u00a0 La II Conferencia Internacional de Lucha contra las Drogas inici\u00f3 este lunes en Bagdad, la capital de Iraq. El evento cont\u00f3 con la participaci\u00f3n de los ministros del interior de los pa\u00edses vecinos de Iraq, incluido el titular sirio del Interior, Mohammed Al Rahmoun. En su discurso de apertura de la &hellip;<\/p>\n","protected":false},"author":32,"featured_media":334391,"comment_status":"closed","ping_status":"closed","sticky":false,"template":"","format":"standard","meta":{"footnotes":""},"categories":[597,20724,467,7541],"tags":[],"class_list":["post-334390","post","type-post","status-publish","format-standard","has-post-thumbnail","","category-cinta-de-noticias","category-minuto-a-minuto","category-siria-y-el-mundo","category-ultimas-noticias"],"_links":{"self":[{"href":"https:\/\/archive.sana.sy\/es\/index.php?rest_route=\/wp\/v2\/posts\/334390"}],"collection":[{"href":"https:\/\/archive.sana.sy\/es\/index.php?rest_route=\/wp\/v2\/posts"}],"about":[{"href":"https:\/\/archive.sana.sy\/es\/index.php?rest_route=\/wp\/v2\/types\/post"}],"author":[{"embeddable":true,"href":"https:\/\/archive.sana.sy\/es\/index.php?rest_route=\/wp\/v2\/users\/32"}],"replies":[{"embeddable":true,"href":"https:\/\/archive.sana.sy\/es\/index.php?rest_route=%2Fwp%2Fv2%2Fcomments&post=334390"}],"version-history":[{"count":1,"href":"https:\/\/archive.sana.sy\/es\/index.php?rest_route=\/wp\/v2\/posts\/334390\/revisions"}],"predecessor-version":[{"id":334392,"href":"https:\/\/archive.sana.sy\/es\/index.php?rest_route=\/wp\/v2\/posts\/334390\/revisions\/334392"}],"wp:featuredmedia":[{"embeddable":true,"href":"https:\/\/archive.sana.sy\/es\/index.php?rest_route=\/wp\/v2\/media\/334391"}],"wp:attachment":[{"href":"https:\/\/archive.sana.sy\/es\/index.php?rest_route=%2Fwp%2Fv2%2Fmedia&parent=334390"}],"wp:term":[{"taxonomy":"category","embeddable":true,"href":"https:\/\/archive.sana.sy\/es\/index.php?rest_route=%2Fwp%2Fv2%2Fcategories&post=334390"},{"taxonomy":"post_tag","embeddable":true,"href":"https:\/\/archive.sana.sy\/es\/index.php?rest_route=%2Fwp%2Fv2%2Ftags&post=334390"}],"curies":[{"name":"wp","href":"https:\/\/api.w.org\/{rel}","templated":true}]}}