{"id":334393,"date":"2024-07-22T13:29:20","date_gmt":"2024-07-22T10:29:20","guid":{"rendered":"https:\/\/sana.sy\/es\/?p=334393"},"modified":"2024-07-22T13:29:20","modified_gmt":"2024-07-22T10:29:20","slug":"fuerzas-de-ocupacion-israelies-demuelen-tres-viviendas-y-varias-instalaciones-en-jerusalen-y-belen","status":"publish","type":"post","link":"https:\/\/archive.sana.sy\/es\/?p=334393","title":{"rendered":"Fuerzas de ocupaci\u00f3n israel\u00edes demuelen tres viviendas y varias instalaciones en Jerusal\u00e9n y Bel\u00e9n"},"content":{"rendered":"<p style=\"text-align: justify;\"><span style=\"color: #800000;\"><strong>Jerusal\u00e9n ocupada, 22 jul (SANA)\u00a0<\/strong> <\/span>Las fuerzas de ocupaci\u00f3n israel\u00edes demolieron tres viviendas y varias instalaciones en la localidad de Anata, al este de la Jerusal\u00e9n ocupada, y en la aldea de Al-Walaja, al noroeste de la ciudad de Bel\u00e9n, en Cisjordania.<\/p>\n<p style=\"text-align: justify;\">La agencia Wafa inform\u00f3 que los regulares de Tel Aviv asaltaron la zona sureste de Anata, acompa\u00f1adas de dos excavadoras, y demolieron una casa y varias instalaciones comerciales.<\/p>\n<p style=\"text-align: justify;\">Tambi\u00e9n, irrumpieron en la aldea de Al-Walaja y destruyeron dos casas cerca de su entrada principal.<\/p>\n<p style=\"text-align: justify;\">ed\/fm<\/p>\n","protected":false},"excerpt":{"rendered":"<p>Jerusal\u00e9n ocupada, 22 jul (SANA)\u00a0 Las fuerzas de ocupaci\u00f3n israel\u00edes demolieron tres viviendas y varias instalaciones en la localidad de Anata, al este de la Jerusal\u00e9n ocupada, y en la aldea de Al-Walaja, al noroeste de la ciudad de Bel\u00e9n, en Cisjordania. La agencia Wafa inform\u00f3 que los regulares de Tel Aviv asaltaron la zona &hellip;<\/p>\n","protected":false},"author":32,"featured_media":334394,"comment_status":"closed","ping_status":"closed","sticky":false,"template":"","format":"standard","meta":{"footnotes":""},"categories":[597,456,20724,7541],"tags":[],"class_list":["post-334393","post","type-post","status-publish","format-standard","has-post-thumbnail","","category-cinta-de-noticias","category-arabe-internacional-politica","category-minuto-a-minuto","category-ultimas-noticias"],"_links":{"self":[{"href":"https:\/\/archive.sana.sy\/es\/index.php?rest_route=\/wp\/v2\/posts\/334393"}],"collection":[{"href":"https:\/\/archive.sana.sy\/es\/index.php?rest_route=\/wp\/v2\/posts"}],"about":[{"href":"https:\/\/archive.sana.sy\/es\/index.php?rest_route=\/wp\/v2\/types\/post"}],"author":[{"embeddable":true,"href":"https:\/\/archive.sana.sy\/es\/index.php?rest_route=\/wp\/v2\/users\/32"}],"replies":[{"embeddable":true,"href":"https:\/\/archive.sana.sy\/es\/index.php?rest_route=%2Fwp%2Fv2%2Fcomments&post=334393"}],"version-history":[{"count":1,"href":"https:\/\/archive.sana.sy\/es\/index.php?rest_route=\/wp\/v2\/posts\/334393\/revisions"}],"predecessor-version":[{"id":334395,"href":"https:\/\/archive.sana.sy\/es\/index.php?rest_route=\/wp\/v2\/posts\/334393\/revisions\/334395"}],"wp:featuredmedia":[{"embeddable":true,"href":"https:\/\/archive.sana.sy\/es\/index.php?rest_route=\/wp\/v2\/media\/334394"}],"wp:attachment":[{"href":"https:\/\/archive.sana.sy\/es\/index.php?rest_route=%2Fwp%2Fv2%2Fmedia&parent=334393"}],"wp:term":[{"taxonomy":"category","embeddable":true,"href":"https:\/\/archive.sana.sy\/es\/index.php?rest_route=%2Fwp%2Fv2%2Fcategories&post=334393"},{"taxonomy":"post_tag","embeddable":true,"href":"https:\/\/archive.sana.sy\/es\/index.php?rest_route=%2Fwp%2Fv2%2Ftags&post=334393"}],"curies":[{"name":"wp","href":"https:\/\/api.w.org\/{rel}","templated":true}]}}