{"id":334396,"date":"2024-07-22T13:44:52","date_gmt":"2024-07-22T10:44:52","guid":{"rendered":"https:\/\/sana.sy\/es\/?p=334396"},"modified":"2024-07-22T13:44:52","modified_gmt":"2024-07-22T10:44:52","slug":"162-periodistas-asesinados-por-israel-en-290-dias-de-agresion-en-gaza","status":"publish","type":"post","link":"https:\/\/archive.sana.sy\/es\/?p=334396","title":{"rendered":"162 periodistas asesinados por &#8220;Israel&#8221; en 290 d\u00edas de agresi\u00f3n en Gaza"},"content":{"rendered":"<p style=\"text-align: justify;\"><span style=\"color: #800000;\"><strong>Jerusal\u00e9n ocupada, 21 jul (SANA)\u00a0<\/strong><\/span> \u00a0En nueve meses, 162 periodistas palestinos y trabajadores de la prensa han sido asesinados deliberadamente por &#8220;Israel&#8221; mientras ejerc\u00edan su labor period\u00edstica en la Franja de Gaza.<\/p>\n<p style=\"text-align: justify;\">La v\u00edctima m\u00e1s reciente fue Motasem Mahmoud Ghorab, un reportero que trabajaba para varios medios de comunicaci\u00f3n y muri\u00f3 por disparos israel\u00edes, seg\u00fan datos reciente de la Oficina de Prensa de las autoridades de Gaza.<\/p>\n<p style=\"text-align: justify;\">Periodistas de televisi\u00f3n, radio, prensa escrita y fot\u00f3grafos figuran entre las v\u00edctimas de m\u00e1s de 500 ataques perpetrados por las fuerzas y colonos israel\u00edes.<\/p>\n<p style=\"text-align: justify;\">Asimismo, las tropas israel\u00edes arrestaron a 26 periodistas palestinos y allanaron las viviendas de 14.<\/p>\n<p style=\"text-align: justify;\">Desde el inicio de su guerra en Gaza en octubre pasado, el ej\u00e9rcito israel\u00ed atac\u00f3 tambi\u00e9n a decenas de sedes de instituciones del gremio, incluidas las oficinas de Palestina TV, la agencia de noticias Maan, as\u00ed como de los peri\u00f3dicos Al Quds y Al Ayyam.<\/p>\n<p style=\"text-align: justify;\"><strong><span style=\"color: #800000;\">ws\/fm<\/span><\/strong><\/p>\n","protected":false},"excerpt":{"rendered":"<p>Jerusal\u00e9n ocupada, 21 jul (SANA)\u00a0 \u00a0En nueve meses, 162 periodistas palestinos y trabajadores de la prensa han sido asesinados deliberadamente por &#8220;Israel&#8221; mientras ejerc\u00edan su labor period\u00edstica en la Franja de Gaza. La v\u00edctima m\u00e1s reciente fue Motasem Mahmoud Ghorab, un reportero que trabajaba para varios medios de comunicaci\u00f3n y muri\u00f3 por disparos israel\u00edes, seg\u00fan &hellip;<\/p>\n","protected":false},"author":35,"featured_media":334397,"comment_status":"closed","ping_status":"closed","sticky":false,"template":"","format":"standard","meta":{"footnotes":""},"categories":[597,456,16687,20724,7541],"tags":[],"class_list":["post-334396","post","type-post","status-publish","format-standard","has-post-thumbnail","","category-cinta-de-noticias","category-arabe-internacional-politica","category-internacionales","category-minuto-a-minuto","category-ultimas-noticias"],"_links":{"self":[{"href":"https:\/\/archive.sana.sy\/es\/index.php?rest_route=\/wp\/v2\/posts\/334396"}],"collection":[{"href":"https:\/\/archive.sana.sy\/es\/index.php?rest_route=\/wp\/v2\/posts"}],"about":[{"href":"https:\/\/archive.sana.sy\/es\/index.php?rest_route=\/wp\/v2\/types\/post"}],"author":[{"embeddable":true,"href":"https:\/\/archive.sana.sy\/es\/index.php?rest_route=\/wp\/v2\/users\/35"}],"replies":[{"embeddable":true,"href":"https:\/\/archive.sana.sy\/es\/index.php?rest_route=%2Fwp%2Fv2%2Fcomments&post=334396"}],"version-history":[{"count":1,"href":"https:\/\/archive.sana.sy\/es\/index.php?rest_route=\/wp\/v2\/posts\/334396\/revisions"}],"predecessor-version":[{"id":334398,"href":"https:\/\/archive.sana.sy\/es\/index.php?rest_route=\/wp\/v2\/posts\/334396\/revisions\/334398"}],"wp:featuredmedia":[{"embeddable":true,"href":"https:\/\/archive.sana.sy\/es\/index.php?rest_route=\/wp\/v2\/media\/334397"}],"wp:attachment":[{"href":"https:\/\/archive.sana.sy\/es\/index.php?rest_route=%2Fwp%2Fv2%2Fmedia&parent=334396"}],"wp:term":[{"taxonomy":"category","embeddable":true,"href":"https:\/\/archive.sana.sy\/es\/index.php?rest_route=%2Fwp%2Fv2%2Fcategories&post=334396"},{"taxonomy":"post_tag","embeddable":true,"href":"https:\/\/archive.sana.sy\/es\/index.php?rest_route=%2Fwp%2Fv2%2Ftags&post=334396"}],"curies":[{"name":"wp","href":"https:\/\/api.w.org\/{rel}","templated":true}]}}