{"id":334411,"date":"2024-07-22T16:06:01","date_gmt":"2024-07-22T13:06:01","guid":{"rendered":"https:\/\/sana.sy\/es\/?p=334411"},"modified":"2024-07-22T16:06:01","modified_gmt":"2024-07-22T13:06:01","slug":"unicef-143-ninos-fueron-asesinados-y-440-resultaron-heridos-en-cisjordania-desde-octubre-pasado","status":"publish","type":"post","link":"https:\/\/archive.sana.sy\/es\/?p=334411","title":{"rendered":"Unicef: 143 ni\u00f1os fueron asesinados y 440 resultaron heridos en Cisjordania desde octubre pasado"},"content":{"rendered":"<p style=\"text-align: justify;\"><span style=\"color: #800000;\"><strong>Nueva York, 22 jul (SANA)<\/strong><\/span> El Fondo de las Naciones Unidas para la Infancia (UNICEF) revel\u00f3 que 43 ni\u00f1os murieron y 440 resultaron heridos a manos de las fuerzas de ocupaci\u00f3n israel\u00edes en Cisjordania, desde octubre del a\u00f1o pasado.<\/p>\n<p style=\"text-align: justify;\">Un informe del organismo puntualiz\u00f3 que 143 ni\u00f1os murieron en Jerusal\u00e9n y el resto de Cisjordania, lo que representa un aumento de alrededor del 250 por ciento en comparaci\u00f3n con los nueve meses anteriores, en los que s\u00f3lo 41 ni\u00f1os palestinos fueron asesinados.<\/p>\n<p style=\"text-align: justify;\">La Unicef explic\u00f3 que m\u00e1s de 440 ni\u00f1os palestinos resultaron heridos por disparos israel\u00edes desde el inicio de la agresi\u00f3n de la ocupaci\u00f3n contra la Franja de Gaza.<\/p>\n<p>fm\/ed<\/p>\n<p style=\"text-align: justify;\">\n","protected":false},"excerpt":{"rendered":"<p>Nueva York, 22 jul (SANA) El Fondo de las Naciones Unidas para la Infancia (UNICEF) revel\u00f3 que 43 ni\u00f1os murieron y 440 resultaron heridos a manos de las fuerzas de ocupaci\u00f3n israel\u00edes en Cisjordania, desde octubre del a\u00f1o pasado. Un informe del organismo puntualiz\u00f3 que 143 ni\u00f1os murieron en Jerusal\u00e9n y el resto de Cisjordania, &hellip;<\/p>\n","protected":false},"author":32,"featured_media":334412,"comment_status":"closed","ping_status":"closed","sticky":false,"template":"","format":"standard","meta":{"footnotes":""},"categories":[597,456,20724,7541],"tags":[],"class_list":["post-334411","post","type-post","status-publish","format-standard","has-post-thumbnail","","category-cinta-de-noticias","category-arabe-internacional-politica","category-minuto-a-minuto","category-ultimas-noticias"],"_links":{"self":[{"href":"https:\/\/archive.sana.sy\/es\/index.php?rest_route=\/wp\/v2\/posts\/334411"}],"collection":[{"href":"https:\/\/archive.sana.sy\/es\/index.php?rest_route=\/wp\/v2\/posts"}],"about":[{"href":"https:\/\/archive.sana.sy\/es\/index.php?rest_route=\/wp\/v2\/types\/post"}],"author":[{"embeddable":true,"href":"https:\/\/archive.sana.sy\/es\/index.php?rest_route=\/wp\/v2\/users\/32"}],"replies":[{"embeddable":true,"href":"https:\/\/archive.sana.sy\/es\/index.php?rest_route=%2Fwp%2Fv2%2Fcomments&post=334411"}],"version-history":[{"count":1,"href":"https:\/\/archive.sana.sy\/es\/index.php?rest_route=\/wp\/v2\/posts\/334411\/revisions"}],"predecessor-version":[{"id":334413,"href":"https:\/\/archive.sana.sy\/es\/index.php?rest_route=\/wp\/v2\/posts\/334411\/revisions\/334413"}],"wp:featuredmedia":[{"embeddable":true,"href":"https:\/\/archive.sana.sy\/es\/index.php?rest_route=\/wp\/v2\/media\/334412"}],"wp:attachment":[{"href":"https:\/\/archive.sana.sy\/es\/index.php?rest_route=%2Fwp%2Fv2%2Fmedia&parent=334411"}],"wp:term":[{"taxonomy":"category","embeddable":true,"href":"https:\/\/archive.sana.sy\/es\/index.php?rest_route=%2Fwp%2Fv2%2Fcategories&post=334411"},{"taxonomy":"post_tag","embeddable":true,"href":"https:\/\/archive.sana.sy\/es\/index.php?rest_route=%2Fwp%2Fv2%2Ftags&post=334411"}],"curies":[{"name":"wp","href":"https:\/\/api.w.org\/{rel}","templated":true}]}}