{"id":334414,"date":"2024-07-22T18:30:08","date_gmt":"2024-07-22T15:30:08","guid":{"rendered":"https:\/\/sana.sy\/es\/?p=334414"},"modified":"2024-07-22T18:57:41","modified_gmt":"2024-07-22T15:57:41","slug":"presidente-sirio-recibe-una-delegacion-de-la-union-de-ingenieros-arabes","status":"publish","type":"post","link":"https:\/\/archive.sana.sy\/es\/?p=334414","title":{"rendered":"Presidente sirio recibe una delegaci\u00f3n de la Uni\u00f3n de Ingenieros \u00c1rabes"},"content":{"rendered":"<p style=\"text-align: justify;\"><span style=\"color: #800000;\"><strong>Damasco, 22 jul (SANA)\u00a0<\/strong> <\/span>El presidente sirio Bashar Al-Assad destac\u00f3 hoy el papel social y de fomento de las organizaciones y sindicatos \u00e1rabes y subray\u00f3 su importancia en generar un di\u00e1logo eficaz dentro de la sociedad \u00e1rabe que comparte los mismos valores y aspiraciones.<\/p>\n<p style=\"text-align: justify;\">Durante su recibimiento hoy a una delegaci\u00f3n de la Uni\u00f3n de Ingenieros \u00c1rabes, el mandatario llam\u00f3 a activar el di\u00e1logo, especialmente el social, y consider\u00f3 que la sociedad es la base de todo y se aleja de la ideolog\u00eda carente de aplicaci\u00f3n.<\/p>\n<p style=\"text-align: justify;\">\u201cEs necesa<a href=\"http:\/\/sana.sy\/es\/wp-content\/uploads\/2024\/07\/IMG_7993.jpg\"><img loading=\"lazy\" decoding=\"async\" class=\"wp-image-334416 alignleft\" src=\"http:\/\/sana.sy\/es\/wp-content\/uploads\/2024\/07\/IMG_7993.jpg\" alt=\"\" width=\"236\" height=\"268\" srcset=\"https:\/\/archive.sana.sy\/es\/wp-content\/uploads\/2024\/07\/IMG_7993.jpg 1200w, https:\/\/archive.sana.sy\/es\/wp-content\/uploads\/2024\/07\/IMG_7993-264x300.jpg 264w, https:\/\/archive.sana.sy\/es\/wp-content\/uploads\/2024\/07\/IMG_7993-902x1024.jpg 902w, https:\/\/archive.sana.sy\/es\/wp-content\/uploads\/2024\/07\/IMG_7993-132x150.jpg 132w, https:\/\/archive.sana.sy\/es\/wp-content\/uploads\/2024\/07\/IMG_7993-768x872.jpg 768w\" sizes=\"(max-width: 236px) 100vw, 236px\" \/><\/a>rio que las federaciones \u00e1rabes trabajen en la construcci\u00f3n de pol\u00edticas pr\u00e1cticas y la creaci\u00f3n de proyectos estrat\u00e9gicos para lograr un desarrollo integral\u201d, asegur\u00f3 el Gobernante.<\/p>\n<p style=\"text-align: justify;\">Llam\u00f3 tambi\u00e9n a apegarse a la identidad como factor fundamental en la batalla por la firmeza que encarna el pueblo palestino frente al enemigo israel\u00ed.<\/p>\n<p style=\"text-align: justify;\">Al-Assad abog\u00f3 por la opci\u00f3n de resistencia contra las masacres israel\u00edes y a\u00f1adi\u00f3 que a pesar de todo el dolor, la sociedad palestina muestra m\u00e1s cohesi\u00f3n, fuerza y \u200b\u200bfe en su causa, mientras hay una desintegraci\u00f3n en la sociedad israel\u00ed en varios aspectos.<\/p>\n<p style=\"text-align: justify;\">Por su parte, los miembros de la delegaci\u00f3n, encabezados por Adel Al-Hadithi, destacaron la necesidad de reactivar la acci\u00f3n \u00e1rabe conjunta mediante proyectos de desarrollo y logros que conduzcan a unificar esfuerzos y conceptos a trav\u00e9s del intercambio de experiencias conjuntas y de conocimientos.<\/p>\n<p>fm<\/p>\n","protected":false},"excerpt":{"rendered":"<p>Damasco, 22 jul (SANA)\u00a0 El presidente sirio Bashar Al-Assad destac\u00f3 hoy el papel social y de fomento de las organizaciones y sindicatos \u00e1rabes y subray\u00f3 su importancia en generar un di\u00e1logo eficaz dentro de la sociedad \u00e1rabe que comparte los mismos valores y aspiraciones. Durante su recibimiento hoy a una delegaci\u00f3n de la Uni\u00f3n de &hellip;<\/p>\n","protected":false},"author":32,"featured_media":334415,"comment_status":"closed","ping_status":"closed","sticky":false,"template":"","format":"standard","meta":{"footnotes":""},"categories":[447,477,597,20724,476,16237,583,626],"tags":[],"class_list":["post-334414","post","type-post","status-publish","format-standard","has-post-thumbnail","","category-local-politica","category-noticias-edulcorantes","category-cinta-de-noticias","category-minuto-a-minuto","category-locales","category-presidence-de-la-republique-arabe-syria","category-slide","category-sr-presidente"],"_links":{"self":[{"href":"https:\/\/archive.sana.sy\/es\/index.php?rest_route=\/wp\/v2\/posts\/334414"}],"collection":[{"href":"https:\/\/archive.sana.sy\/es\/index.php?rest_route=\/wp\/v2\/posts"}],"about":[{"href":"https:\/\/archive.sana.sy\/es\/index.php?rest_route=\/wp\/v2\/types\/post"}],"author":[{"embeddable":true,"href":"https:\/\/archive.sana.sy\/es\/index.php?rest_route=\/wp\/v2\/users\/32"}],"replies":[{"embeddable":true,"href":"https:\/\/archive.sana.sy\/es\/index.php?rest_route=%2Fwp%2Fv2%2Fcomments&post=334414"}],"version-history":[{"count":1,"href":"https:\/\/archive.sana.sy\/es\/index.php?rest_route=\/wp\/v2\/posts\/334414\/revisions"}],"predecessor-version":[{"id":334417,"href":"https:\/\/archive.sana.sy\/es\/index.php?rest_route=\/wp\/v2\/posts\/334414\/revisions\/334417"}],"wp:featuredmedia":[{"embeddable":true,"href":"https:\/\/archive.sana.sy\/es\/index.php?rest_route=\/wp\/v2\/media\/334415"}],"wp:attachment":[{"href":"https:\/\/archive.sana.sy\/es\/index.php?rest_route=%2Fwp%2Fv2%2Fmedia&parent=334414"}],"wp:term":[{"taxonomy":"category","embeddable":true,"href":"https:\/\/archive.sana.sy\/es\/index.php?rest_route=%2Fwp%2Fv2%2Fcategories&post=334414"},{"taxonomy":"post_tag","embeddable":true,"href":"https:\/\/archive.sana.sy\/es\/index.php?rest_route=%2Fwp%2Fv2%2Ftags&post=334414"}],"curies":[{"name":"wp","href":"https:\/\/api.w.org\/{rel}","templated":true}]}}