{"id":334439,"date":"2024-07-22T18:35:20","date_gmt":"2024-07-22T15:35:20","guid":{"rendered":"https:\/\/sana.sy\/es\/?p=334439"},"modified":"2024-07-23T09:02:31","modified_gmt":"2024-07-23T06:02:31","slug":"presidente-al-assad-destaca-solidas-relaciones-entre-siria-e-iran","status":"publish","type":"post","link":"https:\/\/archive.sana.sy\/es\/?p=334439","title":{"rendered":"Presidente Al-Assad destaca s\u00f3lidas relaciones entre Siria e Ir\u00e1n"},"content":{"rendered":"<p style=\"text-align: justify;\"><span style=\"color: #800000;\"><strong>Damasco, 22 jul (SANA)<\/strong> <\/span>El presidente sirio Bashar Al-Assad recibi\u00f3 hoy al asesor principal del Ministro de Relaciones Exteriores de Ir\u00e1n para Asuntos Pol\u00edticos Especiales, Ali Asghar Khaji, y la delegaci\u00f3n que le acompa\u00f1a.<\/p>\n<p style=\"text-align: justify;\">Al-Assad destac\u00f3 la profundidad de las relaciones entre Damasco y Teher\u00e1n, y abog\u00f3 por el fortalecimiento de la cooperaci\u00f3n y coordinaci\u00f3n en diversos campos.<\/p>\n<p style=\"text-align: justify;\">El funcionario iran\u00ed hab\u00eda sido recibido por el ministro de Asuntos Exteriores y Expatriados, Faisal Al-Mekdad, y el vicecanciller Bassam Sabbagh, donde las dos partes trataron las relaciones bilaterales y la evoluci\u00f3n de la situaci\u00f3n regional e internacional.<\/p>\n<p style=\"text-align: justify;\">Ambos hicieron hincapi\u00e9 en el fortalecimiento de las relaciones entre Siria e Ir\u00e1n y la importancia de continuar la coordinaci\u00f3n para lograr el inter\u00e9s com\u00fan y traer estabilidad a la regi\u00f3n.<\/p>\n<p style=\"text-align: justify;\">En declaraciones a los periodistas, Khaji explic\u00f3 que sus conversaciones con Al-Mekdad se centraron en evaluar los acuerdos conjuntos firmados y cuestiones bilaterales y regionales.<\/p>\n<p style=\"text-align: justify;\">Aclar\u00f3 que el nuevo gobierno de su pa\u00eds tiene la voluntad y la determinaci\u00f3n de fortalecer estas relaciones en todos los campos, lo cual fue confirmado durante la llamada telef\u00f3nica que tuvo lugar entre el presidente Bashar al-Assad y el presidente electo iran\u00ed Masoud Pezeshkian.<\/p>\n<p style=\"text-align: justify;\">Fortalecer estas relaciones marcha seg\u00fan el calendario y de acuerdo con los acuerdos anteriores firmados por los dos pa\u00edses, indic\u00f3.<\/p>\n<p style=\"text-align: justify;\">fm\/rr<\/p>\n","protected":false},"excerpt":{"rendered":"<p>Damasco, 22 jul (SANA) El presidente sirio Bashar Al-Assad recibi\u00f3 hoy al asesor principal del Ministro de Relaciones Exteriores de Ir\u00e1n para Asuntos Pol\u00edticos Especiales, Ali Asghar Khaji, y la delegaci\u00f3n que le acompa\u00f1a. Al-Assad destac\u00f3 la profundidad de las relaciones entre Damasco y Teher\u00e1n, y abog\u00f3 por el fortalecimiento de la cooperaci\u00f3n y coordinaci\u00f3n &hellip;<\/p>\n","protected":false},"author":31,"featured_media":334476,"comment_status":"closed","ping_status":"closed","sticky":false,"template":"","format":"standard","meta":{"footnotes":""},"categories":[597,476,16237,583,626],"tags":[],"class_list":["post-334439","post","type-post","status-publish","format-standard","has-post-thumbnail","","category-cinta-de-noticias","category-locales","category-presidence-de-la-republique-arabe-syria","category-slide","category-sr-presidente"],"_links":{"self":[{"href":"https:\/\/archive.sana.sy\/es\/index.php?rest_route=\/wp\/v2\/posts\/334439"}],"collection":[{"href":"https:\/\/archive.sana.sy\/es\/index.php?rest_route=\/wp\/v2\/posts"}],"about":[{"href":"https:\/\/archive.sana.sy\/es\/index.php?rest_route=\/wp\/v2\/types\/post"}],"author":[{"embeddable":true,"href":"https:\/\/archive.sana.sy\/es\/index.php?rest_route=\/wp\/v2\/users\/31"}],"replies":[{"embeddable":true,"href":"https:\/\/archive.sana.sy\/es\/index.php?rest_route=%2Fwp%2Fv2%2Fcomments&post=334439"}],"version-history":[{"count":3,"href":"https:\/\/archive.sana.sy\/es\/index.php?rest_route=\/wp\/v2\/posts\/334439\/revisions"}],"predecessor-version":[{"id":334453,"href":"https:\/\/archive.sana.sy\/es\/index.php?rest_route=\/wp\/v2\/posts\/334439\/revisions\/334453"}],"wp:featuredmedia":[{"embeddable":true,"href":"https:\/\/archive.sana.sy\/es\/index.php?rest_route=\/wp\/v2\/media\/334476"}],"wp:attachment":[{"href":"https:\/\/archive.sana.sy\/es\/index.php?rest_route=%2Fwp%2Fv2%2Fmedia&parent=334439"}],"wp:term":[{"taxonomy":"category","embeddable":true,"href":"https:\/\/archive.sana.sy\/es\/index.php?rest_route=%2Fwp%2Fv2%2Fcategories&post=334439"},{"taxonomy":"post_tag","embeddable":true,"href":"https:\/\/archive.sana.sy\/es\/index.php?rest_route=%2Fwp%2Fv2%2Ftags&post=334439"}],"curies":[{"name":"wp","href":"https:\/\/api.w.org\/{rel}","templated":true}]}}