{"id":334442,"date":"2024-07-22T18:20:05","date_gmt":"2024-07-22T15:20:05","guid":{"rendered":"https:\/\/sana.sy\/es\/?p=334442"},"modified":"2024-07-22T19:15:26","modified_gmt":"2024-07-22T16:15:26","slug":"siria-esta-abierta-a-la-cooperacion-con-todos-en-la-lucha-contra-las-drogas","status":"publish","type":"post","link":"https:\/\/archive.sana.sy\/es\/?p=334442","title":{"rendered":"Siria est\u00e1 abierta a la cooperaci\u00f3n con todos en la lucha contra las drogas"},"content":{"rendered":"<p style=\"text-align: justify;\"><span style=\"color: #800000;\"><strong>Bagdad, 22 jul (SANA)<\/strong><\/span>\u00a0 El ministro sirio del Interior, Muhammad Al-Rahmoun, dijo hoy que su pa\u00eds desempe\u00f1a un papel eficaz en la lucha contra el tr\u00e1fico de drogas.<\/p>\n<p style=\"text-align: justify;\">Esto fue manifestado por el titular durante su intervenci\u00f3n en la sesi\u00f3n inaugural de la Segunda Conferencia Internacional de Bagdad sobre el Control de Drogas.<\/p>\n<p style=\"text-align: justify;\">Subray\u00f3 que la cooperaci\u00f3n entre los pa\u00edses de la regi\u00f3n cobra actualmente mucha importancia debido a la presencia de grupos terroristas en las fronteras y el aumento de sus operaciones de contrabando y tr\u00e1fico de drogas como una v\u00eda de financiamiento.<\/p>\n<p style=\"text-align: justify;\">\u201cPartiendo de su responsabilidad nacional, patri\u00f3tica y humana, Siria sigue desempe\u00f1ando un papel importante y destacado en el apoyo a la esfuerzos de la comunidad internacional para combatir la delincuencia en general y el delito de tr\u00e1fico de drogas en particular\u201d, dijo el Ministro.<\/p>\n<p style=\"text-align: justify;\"><img loading=\"lazy\" decoding=\"async\" class=\"size-full wp-image-334443 alignleft\" src=\"http:\/\/sana.sy\/es\/wp-content\/uploads\/2024\/07\/photo_2024-07-22_15-35-14-300x169-1.jpg\" alt=\"\" width=\"300\" height=\"169\" srcset=\"https:\/\/archive.sana.sy\/es\/wp-content\/uploads\/2024\/07\/photo_2024-07-22_15-35-14-300x169-1.jpg 300w, https:\/\/archive.sana.sy\/es\/wp-content\/uploads\/2024\/07\/photo_2024-07-22_15-35-14-300x169-1-150x85.jpg 150w\" sizes=\"(max-width: 300px) 100vw, 300px\" \/>Se\u00f1al\u00f3 que la participaci\u00f3n de Siria en esta conferencia reafirma su compromiso efectivo de enfrentar este flagelo peligroso y destructivo a nivel individual y social.<\/p>\n<p style=\"text-align: justify;\">El Ministro ofreci\u00f3 los resultados de los esfuerzos de cooperaci\u00f3n y coordinaci\u00f3n con los pa\u00edses vecinos, especialmente Iraq y Jordania, despu\u00e9s de la primera Conferencia Internacional de Bagdad celebrada el a\u00f1o pasado y la reuni\u00f3n del Cuarteto en Am\u00e1n en febrero de este a\u00f1o.<\/p>\n<p style=\"text-align: justify;\">Durante los \u00faltimos dos meses, fueron detenidos algunos miembros de redes que operan en el \u00e1mbito del contrabando y tr\u00e1fico de drogas, precis\u00f3.<\/p>\n<p style=\"text-align: justify;\">De acuerdo con el titular, estos esfuerzos se vieron afectados negativamente por la guerra y el injusto asedio impuesto a Siria, por un lado, y la falta de apoyo t\u00e9cnico necesario para implementarlos, por el otro.<\/p>\n<p style=\"text-align: justify;\">\u201cEstos esfuerzos dieron como resultado frustrar numerosas operaciones de contrabando de drogas, arrestar a miembros de las redes y confiscar las drogas que ten\u00edan\u201d, afirm\u00f3 el alto funcionario.<\/p>\n<p style=\"text-align: justify;\">Revel\u00f3 que la mayor\u00eda de las grandes cantidades de drogas fueron confiscadas en zonas fronterizas y dentro de escondites secretos preparados para su env\u00edo a trav\u00e9s del territorio sirio.<\/p>\n<p style=\"text-align: justify;\">Estos esfuerzos no se limitan a las unidades de lucha antidroga de Ministerio del Interior, sino a la Guardia Fronteriza, destac\u00f3.<\/p>\n<p style=\"text-align: justify;\">Al-Rahmoun reiter\u00f3 el compromiso de Siria con la cooperaci\u00f3n efectiva para enfrentar los delitos de tr\u00e1fico de drogas y su apertura a la coordinaci\u00f3n y el intercambio de informaci\u00f3n, experiencia y asistencia legal y t\u00e9cnica para combatir este flagelo y prevenir su propagaci\u00f3n.<\/p>\n<p style=\"text-align: justify;\">fm\/rr<\/p>\n","protected":false},"excerpt":{"rendered":"<p>Bagdad, 22 jul (SANA)\u00a0 El ministro sirio del Interior, Muhammad Al-Rahmoun, dijo hoy que su pa\u00eds desempe\u00f1a un papel eficaz en la lucha contra el tr\u00e1fico de drogas. Esto fue manifestado por el titular durante su intervenci\u00f3n en la sesi\u00f3n inaugural de la Segunda Conferencia Internacional de Bagdad sobre el Control de Drogas. Subray\u00f3 que &hellip;<\/p>\n","protected":false},"author":31,"featured_media":334444,"comment_status":"closed","ping_status":"closed","sticky":false,"template":"","format":"standard","meta":{"footnotes":""},"categories":[597,467,583],"tags":[],"class_list":["post-334442","post","type-post","status-publish","format-standard","has-post-thumbnail","","category-cinta-de-noticias","category-siria-y-el-mundo","category-slide"],"_links":{"self":[{"href":"https:\/\/archive.sana.sy\/es\/index.php?rest_route=\/wp\/v2\/posts\/334442"}],"collection":[{"href":"https:\/\/archive.sana.sy\/es\/index.php?rest_route=\/wp\/v2\/posts"}],"about":[{"href":"https:\/\/archive.sana.sy\/es\/index.php?rest_route=\/wp\/v2\/types\/post"}],"author":[{"embeddable":true,"href":"https:\/\/archive.sana.sy\/es\/index.php?rest_route=\/wp\/v2\/users\/31"}],"replies":[{"embeddable":true,"href":"https:\/\/archive.sana.sy\/es\/index.php?rest_route=%2Fwp%2Fv2%2Fcomments&post=334442"}],"version-history":[{"count":1,"href":"https:\/\/archive.sana.sy\/es\/index.php?rest_route=\/wp\/v2\/posts\/334442\/revisions"}],"predecessor-version":[{"id":334445,"href":"https:\/\/archive.sana.sy\/es\/index.php?rest_route=\/wp\/v2\/posts\/334442\/revisions\/334445"}],"wp:featuredmedia":[{"embeddable":true,"href":"https:\/\/archive.sana.sy\/es\/index.php?rest_route=\/wp\/v2\/media\/334444"}],"wp:attachment":[{"href":"https:\/\/archive.sana.sy\/es\/index.php?rest_route=%2Fwp%2Fv2%2Fmedia&parent=334442"}],"wp:term":[{"taxonomy":"category","embeddable":true,"href":"https:\/\/archive.sana.sy\/es\/index.php?rest_route=%2Fwp%2Fv2%2Fcategories&post=334442"},{"taxonomy":"post_tag","embeddable":true,"href":"https:\/\/archive.sana.sy\/es\/index.php?rest_route=%2Fwp%2Fv2%2Ftags&post=334442"}],"curies":[{"name":"wp","href":"https:\/\/api.w.org\/{rel}","templated":true}]}}