{"id":33446,"date":"2015-11-13T14:20:04","date_gmt":"2015-11-13T12:20:04","guid":{"rendered":"http:\/\/sana.sy\/es\/?p=33446"},"modified":"2015-11-13T14:31:15","modified_gmt":"2015-11-13T12:31:15","slug":"peskov-el-ejercito-sirio-continua-con-una-dinamica-efectiva-su-lucha-contra-el-terrorismo","status":"publish","type":"post","link":"https:\/\/archive.sana.sy\/es\/?p=33446","title":{"rendered":"Peskov: El Ej\u00e9rcito sirio contin\u00faa con una din\u00e1mica efectiva su lucha contra el terrorismo"},"content":{"rendered":"<p style=\"text-align: justify\"><span style=\"color: #800000\">Mosc\u00fa, SANA<\/span>&#8211; El Kremlin ha descrito como \u201cefectiva\u201d su campa\u00f1a militar en Siria despu\u00e9s de los \u201cavances estrat\u00e9gicos y victorias\u201d del Ej\u00e9rcito sirio en los \u00faltimos d\u00edas, seg\u00fan ha informado el portavoz del Kremlin, Dimitri Peskov.<\/p>\n<p style=\"text-align: justify\">\u201cCon el apoyo de la aviaci\u00f3n rusa, la ofensiva del Ej\u00e9rcito sirio contin\u00faa con una din\u00e1mica bastante positiva. En la \u00faltima semana (\u2026) ha logrado varios avances estrat\u00e9gicos y victorias\u201d, dijo Dimitri Peskov. \u201cLa ofensiva sigue siendo bastante efectiva\u201d, ha subrayado.<\/p>\n<p style=\"text-align: justify\">El Ej\u00e9rcito de Siria se hizo el jueves con el control de la localidad de Al Hader, ubicada en la provincia de Alepo, en el marco de su ofensiva para poner fin al cerco del aeropuerto militar de Kweires.<\/p>\n<p style=\"text-align: justify\">M.Miri<\/p>\n","protected":false},"excerpt":{"rendered":"<p>Mosc\u00fa, SANA&#8211; El Kremlin ha descrito como \u201cefectiva\u201d su campa\u00f1a militar en Siria despu\u00e9s de los \u201cavances estrat\u00e9gicos y victorias\u201d del Ej\u00e9rcito sirio en los \u00faltimos d\u00edas, seg\u00fan ha informado el portavoz del Kremlin, Dimitri Peskov. \u201cCon el apoyo de la aviaci\u00f3n rusa, la ofensiva del Ej\u00e9rcito sirio contin\u00faa con una din\u00e1mica bastante positiva. En &hellip;<\/p>\n","protected":false},"author":1,"featured_media":33450,"comment_status":"closed","ping_status":"closed","sticky":false,"template":"","format":"standard","meta":{"footnotes":""},"categories":[456,457,576],"tags":[7370],"class_list":["post-33446","post","type-post","status-publish","format-standard","has-post-thumbnail","","category-arabe-internacional-politica","category-noticias-arabe-internacional-politica","category-noticias-politicas","tag-peskov-el-ejercito-sirio-continua-con-una-dinamica-efectiva-su-lucha-contra-el-terrorismo"],"_links":{"self":[{"href":"https:\/\/archive.sana.sy\/es\/index.php?rest_route=\/wp\/v2\/posts\/33446"}],"collection":[{"href":"https:\/\/archive.sana.sy\/es\/index.php?rest_route=\/wp\/v2\/posts"}],"about":[{"href":"https:\/\/archive.sana.sy\/es\/index.php?rest_route=\/wp\/v2\/types\/post"}],"author":[{"embeddable":true,"href":"https:\/\/archive.sana.sy\/es\/index.php?rest_route=\/wp\/v2\/users\/1"}],"replies":[{"embeddable":true,"href":"https:\/\/archive.sana.sy\/es\/index.php?rest_route=%2Fwp%2Fv2%2Fcomments&post=33446"}],"version-history":[{"count":0,"href":"https:\/\/archive.sana.sy\/es\/index.php?rest_route=\/wp\/v2\/posts\/33446\/revisions"}],"wp:featuredmedia":[{"embeddable":true,"href":"https:\/\/archive.sana.sy\/es\/index.php?rest_route=\/wp\/v2\/media\/33450"}],"wp:attachment":[{"href":"https:\/\/archive.sana.sy\/es\/index.php?rest_route=%2Fwp%2Fv2%2Fmedia&parent=33446"}],"wp:term":[{"taxonomy":"category","embeddable":true,"href":"https:\/\/archive.sana.sy\/es\/index.php?rest_route=%2Fwp%2Fv2%2Fcategories&post=33446"},{"taxonomy":"post_tag","embeddable":true,"href":"https:\/\/archive.sana.sy\/es\/index.php?rest_route=%2Fwp%2Fv2%2Ftags&post=33446"}],"curies":[{"name":"wp","href":"https:\/\/api.w.org\/{rel}","templated":true}]}}