{"id":334464,"date":"2024-07-22T18:10:26","date_gmt":"2024-07-22T15:10:26","guid":{"rendered":"https:\/\/sana.sy\/es\/?p=334464"},"modified":"2024-07-22T20:58:27","modified_gmt":"2024-07-22T17:58:27","slug":"cifra-de-victimas-del-genocidio-sionista-contra-gaza-supera-los-39-mil-muertos-2","status":"publish","type":"post","link":"https:\/\/archive.sana.sy\/es\/?p=334464","title":{"rendered":"Cifra de v\u00edctimas del genocidio sionista contra Gaza supera los 39 mil muertos"},"content":{"rendered":"<p style=\"text-align: justify;\"><span style=\"color: #800000;\"><strong>Jerusal\u00e9n ocupada, 22 Jul (SANA)<\/strong><\/span> El Ministerio de Salud palestino anunci\u00f3 que durante las \u00faltimas 24 horas, el ocupante israel\u00ed cometi\u00f3 tres masacres en la Franja de Gaza, causando la muerte de 23 personas y heridas a otros 91.<\/p>\n<p style=\"text-align: justify;\">\u201cEl n\u00famero de v\u00edctimas durante el 290 d\u00eda de la agresi\u00f3n del ocupante israel\u00ed contra Gaza lleg\u00f3 a 39.006 muertos y 89.818 heridos, mientras que todav\u00eda se encuentra varias v\u00edctimas bajo los escombros y en las carreteras, y los equipos de ambulancia y defensa civil a\u00fan no pueden alcanzarlos\u201d, declar\u00f3 el Ministerio de Salud palestino.<\/p>\n<p style=\"text-align: justify;\">Agreg\u00f3 que durante el transcurso del d\u00eda de hoy, 37 palestinos murieron y m\u00e1s de 120 resultaron heridos hoy como consecuencia de las masacres sionistas contra la ciudad de Khan Yunis, al sur del enclave costero.<\/p>\n<p>ahs\/fm<\/p>\n","protected":false},"excerpt":{"rendered":"<p>Jerusal\u00e9n ocupada, 22 Jul (SANA) El Ministerio de Salud palestino anunci\u00f3 que durante las \u00faltimas 24 horas, el ocupante israel\u00ed cometi\u00f3 tres masacres en la Franja de Gaza, causando la muerte de 23 personas y heridas a otros 91. \u201cEl n\u00famero de v\u00edctimas durante el 290 d\u00eda de la agresi\u00f3n del ocupante israel\u00ed contra Gaza &hellip;<\/p>\n","protected":false},"author":31,"featured_media":334465,"comment_status":"closed","ping_status":"closed","sticky":false,"template":"","format":"standard","meta":{"footnotes":""},"categories":[597,456,583],"tags":[],"class_list":["post-334464","post","type-post","status-publish","format-standard","has-post-thumbnail","","category-cinta-de-noticias","category-arabe-internacional-politica","category-slide"],"_links":{"self":[{"href":"https:\/\/archive.sana.sy\/es\/index.php?rest_route=\/wp\/v2\/posts\/334464"}],"collection":[{"href":"https:\/\/archive.sana.sy\/es\/index.php?rest_route=\/wp\/v2\/posts"}],"about":[{"href":"https:\/\/archive.sana.sy\/es\/index.php?rest_route=\/wp\/v2\/types\/post"}],"author":[{"embeddable":true,"href":"https:\/\/archive.sana.sy\/es\/index.php?rest_route=\/wp\/v2\/users\/31"}],"replies":[{"embeddable":true,"href":"https:\/\/archive.sana.sy\/es\/index.php?rest_route=%2Fwp%2Fv2%2Fcomments&post=334464"}],"version-history":[{"count":1,"href":"https:\/\/archive.sana.sy\/es\/index.php?rest_route=\/wp\/v2\/posts\/334464\/revisions"}],"predecessor-version":[{"id":334469,"href":"https:\/\/archive.sana.sy\/es\/index.php?rest_route=\/wp\/v2\/posts\/334464\/revisions\/334469"}],"wp:featuredmedia":[{"embeddable":true,"href":"https:\/\/archive.sana.sy\/es\/index.php?rest_route=\/wp\/v2\/media\/334465"}],"wp:attachment":[{"href":"https:\/\/archive.sana.sy\/es\/index.php?rest_route=%2Fwp%2Fv2%2Fmedia&parent=334464"}],"wp:term":[{"taxonomy":"category","embeddable":true,"href":"https:\/\/archive.sana.sy\/es\/index.php?rest_route=%2Fwp%2Fv2%2Fcategories&post=334464"},{"taxonomy":"post_tag","embeddable":true,"href":"https:\/\/archive.sana.sy\/es\/index.php?rest_route=%2Fwp%2Fv2%2Ftags&post=334464"}],"curies":[{"name":"wp","href":"https:\/\/api.w.org\/{rel}","templated":true}]}}