{"id":33448,"date":"2015-11-13T14:30:01","date_gmt":"2015-11-13T12:30:01","guid":{"rendered":"http:\/\/sana.sy\/es\/?p=33448"},"modified":"2015-11-13T15:56:58","modified_gmt":"2015-11-13T13:56:58","slug":"vicecanciller-irani-participara-en-conferencias-sobre-siria-en-viena","status":"publish","type":"post","link":"https:\/\/archive.sana.sy\/es\/?p=33448","title":{"rendered":"Vicecanciller iran\u00ed participar\u00e1 en conferencias sobre Siria en Viena"},"content":{"rendered":"<p style=\"text-align: justify\"><span style=\"color: #800000\">Mosc\u00fa, SANA<\/span>&#8211; La embajada de Ir\u00e1n en Mosc\u00fa (capital rusa) ha informado este viernes que Ir\u00e1n enviar\u00e1 al vicecanciller a los di\u00e1logos internacionales sobre Siria en Viena (capital austr\u00edaca).<\/p>\n<p style=\"text-align: justify\">La sede diplom\u00e1tica iran\u00ed que el vicecanciller iran\u00ed para Asuntos \u00c1rabes y Africanos, Husein Amir Abdolahian, asista a esas conversaciones, considerando su dominio del asunto.<\/p>\n<p style=\"text-align: justify\">El propio Amir, que se desarrollar\u00e1 el s\u00e1bado, 14 de noviembre, en Viena para encontrar una soluci\u00f3n pol\u00edtica a la crisis que sufre Siria\u00a0desde hace m\u00e1s de cuatro a\u00f1os.<\/p>\n<p>M.Miri<\/p>\n","protected":false},"excerpt":{"rendered":"<p>Mosc\u00fa, SANA&#8211; La embajada de Ir\u00e1n en Mosc\u00fa (capital rusa) ha informado este viernes que Ir\u00e1n enviar\u00e1 al vicecanciller a los di\u00e1logos internacionales sobre Siria en Viena (capital austr\u00edaca). La sede diplom\u00e1tica iran\u00ed que el vicecanciller iran\u00ed para Asuntos \u00c1rabes y Africanos, Husein Amir Abdolahian, asista a esas conversaciones, considerando su dominio del asunto. El &hellip;<\/p>\n","protected":false},"author":1,"featured_media":33465,"comment_status":"closed","ping_status":"closed","sticky":false,"template":"","format":"standard","meta":{"footnotes":""},"categories":[456,457,576],"tags":[7371],"class_list":["post-33448","post","type-post","status-publish","format-standard","has-post-thumbnail","","category-arabe-internacional-politica","category-noticias-arabe-internacional-politica","category-noticias-politicas","tag-vicecanciller-irani-participara-en-conferencias-sobre-siria-en-viena"],"_links":{"self":[{"href":"https:\/\/archive.sana.sy\/es\/index.php?rest_route=\/wp\/v2\/posts\/33448"}],"collection":[{"href":"https:\/\/archive.sana.sy\/es\/index.php?rest_route=\/wp\/v2\/posts"}],"about":[{"href":"https:\/\/archive.sana.sy\/es\/index.php?rest_route=\/wp\/v2\/types\/post"}],"author":[{"embeddable":true,"href":"https:\/\/archive.sana.sy\/es\/index.php?rest_route=\/wp\/v2\/users\/1"}],"replies":[{"embeddable":true,"href":"https:\/\/archive.sana.sy\/es\/index.php?rest_route=%2Fwp%2Fv2%2Fcomments&post=33448"}],"version-history":[{"count":0,"href":"https:\/\/archive.sana.sy\/es\/index.php?rest_route=\/wp\/v2\/posts\/33448\/revisions"}],"wp:featuredmedia":[{"embeddable":true,"href":"https:\/\/archive.sana.sy\/es\/index.php?rest_route=\/wp\/v2\/media\/33465"}],"wp:attachment":[{"href":"https:\/\/archive.sana.sy\/es\/index.php?rest_route=%2Fwp%2Fv2%2Fmedia&parent=33448"}],"wp:term":[{"taxonomy":"category","embeddable":true,"href":"https:\/\/archive.sana.sy\/es\/index.php?rest_route=%2Fwp%2Fv2%2Fcategories&post=33448"},{"taxonomy":"post_tag","embeddable":true,"href":"https:\/\/archive.sana.sy\/es\/index.php?rest_route=%2Fwp%2Fv2%2Ftags&post=33448"}],"curies":[{"name":"wp","href":"https:\/\/api.w.org\/{rel}","templated":true}]}}