{"id":334480,"date":"2024-07-23T13:49:33","date_gmt":"2024-07-23T10:49:33","guid":{"rendered":"https:\/\/sana.sy\/es\/?p=334480"},"modified":"2024-07-23T15:17:15","modified_gmt":"2024-07-23T12:17:15","slug":"fuerzas-de-kiev-evacuan-sus-posiciones-en-la-localidad-de-makivka-en-lugansk","status":"publish","type":"post","link":"https:\/\/archive.sana.sy\/es\/?p=334480","title":{"rendered":"Fuerzas de Kiev evacuan sus posiciones en la localidad de Makivka en Lugansk"},"content":{"rendered":"<p style=\"text-align: justify;\"><span style=\"color: #800000;\"><strong>Mosc\u00fa, 23 de jul (SANA)<\/strong> <\/span>El experto militar ruso Andrei Marochko, anunci\u00f3 que las tropas ucranianas evacuaron sus posiciones en la aldea Makivka en la Rep\u00fablica Popular de Lugansk, luego de sufrir colosales p\u00e9rdidas materiales y en el personal.<\/p>\n<p style=\"text-align: justify;\">Marochko explic\u00f3 a Novosti que los militares de Kiev abandonaron sus posiciones que hab\u00edan ocupado durante largo tiempo y se retiraron a posiciones de retaguardia al noreste del pueblo.<\/p>\n<p style=\"text-align: justify;\">Puntualiz\u00f3 que las tropas rusas lanzaron fuertes ataques contra los soldados ucranianos desplegados en el referido poblado, oblig\u00e1ndoles a retirarse.<\/p>\n<p style=\"text-align: justify;\"><strong>ma\/fm<\/strong><\/p>\n","protected":false},"excerpt":{"rendered":"<p>Mosc\u00fa, 23 de jul (SANA) El experto militar ruso Andrei Marochko, anunci\u00f3 que las tropas ucranianas evacuaron sus posiciones en la aldea Makivka en la Rep\u00fablica Popular de Lugansk, luego de sufrir colosales p\u00e9rdidas materiales y en el personal. Marochko explic\u00f3 a Novosti que los militares de Kiev abandonaron sus posiciones que hab\u00edan ocupado durante &hellip;<\/p>\n","protected":false},"author":34,"featured_media":334481,"comment_status":"closed","ping_status":"closed","sticky":false,"template":"","format":"standard","meta":{"footnotes":""},"categories":[597,456,7541],"tags":[],"class_list":["post-334480","post","type-post","status-publish","format-standard","has-post-thumbnail","","category-cinta-de-noticias","category-arabe-internacional-politica","category-ultimas-noticias"],"_links":{"self":[{"href":"https:\/\/archive.sana.sy\/es\/index.php?rest_route=\/wp\/v2\/posts\/334480"}],"collection":[{"href":"https:\/\/archive.sana.sy\/es\/index.php?rest_route=\/wp\/v2\/posts"}],"about":[{"href":"https:\/\/archive.sana.sy\/es\/index.php?rest_route=\/wp\/v2\/types\/post"}],"author":[{"embeddable":true,"href":"https:\/\/archive.sana.sy\/es\/index.php?rest_route=\/wp\/v2\/users\/34"}],"replies":[{"embeddable":true,"href":"https:\/\/archive.sana.sy\/es\/index.php?rest_route=%2Fwp%2Fv2%2Fcomments&post=334480"}],"version-history":[{"count":2,"href":"https:\/\/archive.sana.sy\/es\/index.php?rest_route=\/wp\/v2\/posts\/334480\/revisions"}],"predecessor-version":[{"id":334483,"href":"https:\/\/archive.sana.sy\/es\/index.php?rest_route=\/wp\/v2\/posts\/334480\/revisions\/334483"}],"wp:featuredmedia":[{"embeddable":true,"href":"https:\/\/archive.sana.sy\/es\/index.php?rest_route=\/wp\/v2\/media\/334481"}],"wp:attachment":[{"href":"https:\/\/archive.sana.sy\/es\/index.php?rest_route=%2Fwp%2Fv2%2Fmedia&parent=334480"}],"wp:term":[{"taxonomy":"category","embeddable":true,"href":"https:\/\/archive.sana.sy\/es\/index.php?rest_route=%2Fwp%2Fv2%2Fcategories&post=334480"},{"taxonomy":"post_tag","embeddable":true,"href":"https:\/\/archive.sana.sy\/es\/index.php?rest_route=%2Fwp%2Fv2%2Ftags&post=334480"}],"curies":[{"name":"wp","href":"https:\/\/api.w.org\/{rel}","templated":true}]}}