{"id":334489,"date":"2024-07-23T15:08:29","date_gmt":"2024-07-23T12:08:29","guid":{"rendered":"https:\/\/sana.sy\/es\/?p=334489"},"modified":"2024-07-23T15:08:29","modified_gmt":"2024-07-23T12:08:29","slug":"iran-ratifica-condena-a-agresiones-israelies-contra-el-territorio-sirio","status":"publish","type":"post","link":"https:\/\/archive.sana.sy\/es\/?p=334489","title":{"rendered":"Ir\u00e1n ratifica condena a agresiones israel\u00edes contra el territorio sirio"},"content":{"rendered":"<p style=\"text-align: justify;\"><span style=\"color: #800000;\"><strong>Nueva York, 23 jul (SANA)<\/strong> <\/span>Ir\u00e1n reiter\u00f3 hoy su condena a las repetidas agresiones israel\u00edes contra los territorios sirios y los de otros pa\u00edses de la regi\u00f3n, y pidi\u00f3 al Consejo de Seguridad de la ONU que tome medidas r\u00e1pidas y decisivas para que Israel rinda cuentas.<\/p>\n<p style=\"text-align: justify;\">La agencia de noticias IRNA cit\u00f3 al representante permanente de Ir\u00e1n ante las Naciones Unidas, Amir Saeed Irowani, diciendo en una sesi\u00f3n del Consejo de Seguridad de la ONU sobre Siria, que la Rep\u00fablica Isl\u00e1mica de Ir\u00e1n condena en\u00e9rgicamente las constantes agresiones israel\u00edes contra la soberan\u00eda e integridad territorial de la Rep\u00fablica \u00c1rabe Siria y contra otros pa\u00edses de la regi\u00f3n.<\/p>\n<p style=\"text-align: justify;\">Agreg\u00f3 que \u201clas pr\u00e1cticas ilegales de Israel y su reciente agresi\u00f3n contra Yemen, que deliberadamente tuvo como objetivo infraestructura civil y vital, violan flagrantemente el derecho internacional humanitario y los principios contenidas en la Carta de las Naciones Unidas, y se consideran una grave amenaza a la paz y la seguridad regionales\u201d.<\/p>\n<p style=\"text-align: justify;\">\u201cIsrael se estableci\u00f3 sobre la base del terrorismo y la agresi\u00f3n, y es la principal fuente de inseguridad y desestabilidad en la regi\u00f3n\u201d, asegur\u00f3 el delegado iran\u00ed.<\/p>\n<p style=\"text-align: justify;\">Explic\u00f3 que las inhumanas medidas coercitivas impuestas por Estados Unidos y sus aliados occidentales a Siria, su politizaci\u00f3n de la cuesti\u00f3n del retorno de los refugiados y su obstrucci\u00f3n del apoyo internacional para la reconstrucci\u00f3n han exacerbado el sufrimiento del pueblo sirio.<\/p>\n<p style=\"text-align: justify;\">El diplom\u00e1tico expres\u00f3 la determinaci\u00f3n de Ir\u00e1n de seguir apoyando al pueblo y al gobierno sirios en sus esfuerzos por superar las amenazas del terrorismo y la ocupaci\u00f3n extranjera.<\/p>\n<p style=\"text-align: justify;\"><strong>fm\/ma<\/strong><\/p>\n","protected":false},"excerpt":{"rendered":"<p>Nueva York, 23 jul (SANA) Ir\u00e1n reiter\u00f3 hoy su condena a las repetidas agresiones israel\u00edes contra los territorios sirios y los de otros pa\u00edses de la regi\u00f3n, y pidi\u00f3 al Consejo de Seguridad de la ONU que tome medidas r\u00e1pidas y decisivas para que Israel rinda cuentas. La agencia de noticias IRNA cit\u00f3 al representante &hellip;<\/p>\n","protected":false},"author":34,"featured_media":334490,"comment_status":"closed","ping_status":"closed","sticky":false,"template":"","format":"standard","meta":{"footnotes":""},"categories":[597,456,20724,476,7541],"tags":[],"class_list":["post-334489","post","type-post","status-publish","format-standard","has-post-thumbnail","","category-cinta-de-noticias","category-arabe-internacional-politica","category-minuto-a-minuto","category-locales","category-ultimas-noticias"],"_links":{"self":[{"href":"https:\/\/archive.sana.sy\/es\/index.php?rest_route=\/wp\/v2\/posts\/334489"}],"collection":[{"href":"https:\/\/archive.sana.sy\/es\/index.php?rest_route=\/wp\/v2\/posts"}],"about":[{"href":"https:\/\/archive.sana.sy\/es\/index.php?rest_route=\/wp\/v2\/types\/post"}],"author":[{"embeddable":true,"href":"https:\/\/archive.sana.sy\/es\/index.php?rest_route=\/wp\/v2\/users\/34"}],"replies":[{"embeddable":true,"href":"https:\/\/archive.sana.sy\/es\/index.php?rest_route=%2Fwp%2Fv2%2Fcomments&post=334489"}],"version-history":[{"count":1,"href":"https:\/\/archive.sana.sy\/es\/index.php?rest_route=\/wp\/v2\/posts\/334489\/revisions"}],"predecessor-version":[{"id":334491,"href":"https:\/\/archive.sana.sy\/es\/index.php?rest_route=\/wp\/v2\/posts\/334489\/revisions\/334491"}],"wp:featuredmedia":[{"embeddable":true,"href":"https:\/\/archive.sana.sy\/es\/index.php?rest_route=\/wp\/v2\/media\/334490"}],"wp:attachment":[{"href":"https:\/\/archive.sana.sy\/es\/index.php?rest_route=%2Fwp%2Fv2%2Fmedia&parent=334489"}],"wp:term":[{"taxonomy":"category","embeddable":true,"href":"https:\/\/archive.sana.sy\/es\/index.php?rest_route=%2Fwp%2Fv2%2Fcategories&post=334489"},{"taxonomy":"post_tag","embeddable":true,"href":"https:\/\/archive.sana.sy\/es\/index.php?rest_route=%2Fwp%2Fv2%2Ftags&post=334489"}],"curies":[{"name":"wp","href":"https:\/\/api.w.org\/{rel}","templated":true}]}}