{"id":334541,"date":"2024-07-24T12:18:48","date_gmt":"2024-07-24T09:18:48","guid":{"rendered":"https:\/\/sana.sy\/es\/?p=334541"},"modified":"2024-07-24T12:18:48","modified_gmt":"2024-07-24T09:18:48","slug":"%e2%9a%a1%ef%b8%8fultima-hora-la-cifra-total-de-victimas-palestinas-en-gaza-durante-292-dias-de-agresion-israeli-aumento-a-39-mil-145-muertos-y-90-mil-257-heridos","status":"publish","type":"post","link":"https:\/\/archive.sana.sy\/es\/?p=334541","title":{"rendered":"&#x26a1;&#xfe0f;\u00daLTIMA HORA| La cifra total de v\u00edctimas palestinas en Gaza durante 292 d\u00edas de agresi\u00f3n israel\u00ed aument\u00f3 a 39 mil 145 muertos y 90 mil 257 heridos."},"content":{"rendered":"","protected":false},"excerpt":{"rendered":"","protected":false},"author":32,"featured_media":0,"comment_status":"closed","ping_status":"closed","sticky":false,"template":"","format":"standard","meta":{"footnotes":""},"categories":[20724,596],"tags":[],"class_list":["post-334541","post","type-post","status-publish","format-standard","","category-minuto-a-minuto","category-urgente"],"_links":{"self":[{"href":"https:\/\/archive.sana.sy\/es\/index.php?rest_route=\/wp\/v2\/posts\/334541"}],"collection":[{"href":"https:\/\/archive.sana.sy\/es\/index.php?rest_route=\/wp\/v2\/posts"}],"about":[{"href":"https:\/\/archive.sana.sy\/es\/index.php?rest_route=\/wp\/v2\/types\/post"}],"author":[{"embeddable":true,"href":"https:\/\/archive.sana.sy\/es\/index.php?rest_route=\/wp\/v2\/users\/32"}],"replies":[{"embeddable":true,"href":"https:\/\/archive.sana.sy\/es\/index.php?rest_route=%2Fwp%2Fv2%2Fcomments&post=334541"}],"version-history":[{"count":1,"href":"https:\/\/archive.sana.sy\/es\/index.php?rest_route=\/wp\/v2\/posts\/334541\/revisions"}],"predecessor-version":[{"id":334542,"href":"https:\/\/archive.sana.sy\/es\/index.php?rest_route=\/wp\/v2\/posts\/334541\/revisions\/334542"}],"wp:attachment":[{"href":"https:\/\/archive.sana.sy\/es\/index.php?rest_route=%2Fwp%2Fv2%2Fmedia&parent=334541"}],"wp:term":[{"taxonomy":"category","embeddable":true,"href":"https:\/\/archive.sana.sy\/es\/index.php?rest_route=%2Fwp%2Fv2%2Fcategories&post=334541"},{"taxonomy":"post_tag","embeddable":true,"href":"https:\/\/archive.sana.sy\/es\/index.php?rest_route=%2Fwp%2Fv2%2Ftags&post=334541"}],"curies":[{"name":"wp","href":"https:\/\/api.w.org\/{rel}","templated":true}]}}