{"id":334546,"date":"2024-07-24T13:34:59","date_gmt":"2024-07-24T10:34:59","guid":{"rendered":"https:\/\/sana.sy\/es\/?p=334546"},"modified":"2024-07-24T13:34:59","modified_gmt":"2024-07-24T10:34:59","slug":"policia-estadounidense-arresta-a-decenas-de-manifestantes-pro-palestinos-frente-al-edificio-del-congreso","status":"publish","type":"post","link":"https:\/\/archive.sana.sy\/es\/?p=334546","title":{"rendered":"Polic\u00eda estadounidense arresta a decenas de manifestantes pro palestinos frente al edificio del Congreso"},"content":{"rendered":"<p style=\"text-align: justify;\"><span style=\"color: #800000;\"><strong>\u00a0Washington, 24 jul (SANA)<\/strong><\/span> La polic\u00eda estadounidense arrest\u00f3 a decenas de manifestantes que protestaron frente al edificio del Congreso contra la continua agresi\u00f3n israel\u00ed a la Franja de Gaza y el apoyo militar estadounidense a \u201cIsrael\u201d.<\/p>\n<p style=\"text-align: justify;\">M\u00e1s de 250 manifestantes fueron arrestados de entre cientos que participaron en la manifestaci\u00f3n organizada por la Organizaci\u00f3n \u201cVoz Jud\u00eda por la Paz\u201d, inform\u00f3 Reuters..<\/p>\n<p style=\"text-align: justify;\">Los manifestantes vest\u00edan camisetas rojas con las palabras &#8220;No en nuestro nombre&#8221; y &#8220;Dejen de armar a Israel&#8221;, mientras que algunos portaban pancartas que dec\u00edan &#8220;Alto el fuego ahora&#8221; y &#8220;Dejemos vivir a Gaza&#8221;.<\/p>\n<p style=\"text-align: justify;\">Estados Unidos y otros pa\u00edses europeos son testigos de continuas manifestaciones de solidaridad con el pueblo palestino y en denuncia a la agresi\u00f3n israel\u00ed a la Franja de Gaza.<\/p>\n<p style=\"text-align: justify;\">ed\/fm<\/p>\n","protected":false},"excerpt":{"rendered":"<p>\u00a0Washington, 24 jul (SANA) La polic\u00eda estadounidense arrest\u00f3 a decenas de manifestantes que protestaron frente al edificio del Congreso contra la continua agresi\u00f3n israel\u00ed a la Franja de Gaza y el apoyo militar estadounidense a \u201cIsrael\u201d. M\u00e1s de 250 manifestantes fueron arrestados de entre cientos que participaron en la manifestaci\u00f3n organizada por la Organizaci\u00f3n \u201cVoz &hellip;<\/p>\n","protected":false},"author":32,"featured_media":334547,"comment_status":"closed","ping_status":"closed","sticky":false,"template":"","format":"standard","meta":{"footnotes":""},"categories":[456,20724,7541],"tags":[],"class_list":["post-334546","post","type-post","status-publish","format-standard","has-post-thumbnail","","category-arabe-internacional-politica","category-minuto-a-minuto","category-ultimas-noticias"],"_links":{"self":[{"href":"https:\/\/archive.sana.sy\/es\/index.php?rest_route=\/wp\/v2\/posts\/334546"}],"collection":[{"href":"https:\/\/archive.sana.sy\/es\/index.php?rest_route=\/wp\/v2\/posts"}],"about":[{"href":"https:\/\/archive.sana.sy\/es\/index.php?rest_route=\/wp\/v2\/types\/post"}],"author":[{"embeddable":true,"href":"https:\/\/archive.sana.sy\/es\/index.php?rest_route=\/wp\/v2\/users\/32"}],"replies":[{"embeddable":true,"href":"https:\/\/archive.sana.sy\/es\/index.php?rest_route=%2Fwp%2Fv2%2Fcomments&post=334546"}],"version-history":[{"count":1,"href":"https:\/\/archive.sana.sy\/es\/index.php?rest_route=\/wp\/v2\/posts\/334546\/revisions"}],"predecessor-version":[{"id":334548,"href":"https:\/\/archive.sana.sy\/es\/index.php?rest_route=\/wp\/v2\/posts\/334546\/revisions\/334548"}],"wp:featuredmedia":[{"embeddable":true,"href":"https:\/\/archive.sana.sy\/es\/index.php?rest_route=\/wp\/v2\/media\/334547"}],"wp:attachment":[{"href":"https:\/\/archive.sana.sy\/es\/index.php?rest_route=%2Fwp%2Fv2%2Fmedia&parent=334546"}],"wp:term":[{"taxonomy":"category","embeddable":true,"href":"https:\/\/archive.sana.sy\/es\/index.php?rest_route=%2Fwp%2Fv2%2Fcategories&post=334546"},{"taxonomy":"post_tag","embeddable":true,"href":"https:\/\/archive.sana.sy\/es\/index.php?rest_route=%2Fwp%2Fv2%2Ftags&post=334546"}],"curies":[{"name":"wp","href":"https:\/\/api.w.org\/{rel}","templated":true}]}}