{"id":334555,"date":"2024-07-24T15:34:38","date_gmt":"2024-07-24T12:34:38","guid":{"rendered":"https:\/\/sana.sy\/es\/?p=334555"},"modified":"2024-07-24T15:34:38","modified_gmt":"2024-07-24T12:34:38","slug":"zajarova-la-estrategia-estadounidense-en-el-artico-pretende-aumentar-las-tensiones-en-la-region","status":"publish","type":"post","link":"https:\/\/archive.sana.sy\/es\/?p=334555","title":{"rendered":"Zaj\u00e1rova: La estrategia estadounidense en el \u00c1rtico pretende aumentar las tensiones en la regi\u00f3n"},"content":{"rendered":"<p style=\"text-align: justify;\"><span style=\"color: #800000;\"><strong>Mosc\u00fa, 24 jul (SANA)<\/strong><\/span> El Ministerio de Asuntos Exteriores ruso afirm\u00f3 hoy que la nueva actualizaci\u00f3n de la estrategia de Estados Unidos en el \u00c1rtico apunta claramente a incrementar las tensiones en la regi\u00f3n.<\/p>\n<p style=\"text-align: justify;\">La portavoz del Ministerio, Mar\u00eda Zaj\u00e1rova, dijo: &#8220;La estrategia en el \u00c1rtico que fue publicada recientemente por el Departamento de Defensa de Estados Unidos, apunta claramente a aumentar las tensiones militares y pol\u00edticas en esta regi\u00f3n, como si no fuese suficiente lo que hizo Washington hasta el momento\u201d.<\/p>\n<p style=\"text-align: justify;\">\u201cLa vergonzosa injerencia del Pent\u00e1gono en cuestiones de cooperaci\u00f3n con otros pa\u00edses del \u00c1rtico estipuladas en el la estrategia publicada requiere especial atenci\u00f3n y es natural que Washington vuelva a preocuparse por la cooperaci\u00f3n entre Rusia y China, dijo la funcionaria.<\/p>\n<p style=\"text-align: justify;\">El Departamento de Defensa de Estados Unidos dijo en un comunicado que los grandes cambios geopol\u00edticos, incluido el conflicto ucraniano, la adhesi\u00f3n de Finlandia y Suecia a la OTAN, la mayor cooperaci\u00f3n entre la Rep\u00fablica Popular China y Rusia, as\u00ed como las crecientes consecuencias del cambio clim\u00e1tico, crean la necesidad de desarrollar un nuevo enfoque estrat\u00e9gico hacia el \u00c1rtico.<\/p>\n<p>fm\/ed<\/p>\n","protected":false},"excerpt":{"rendered":"<p>Mosc\u00fa, 24 jul (SANA) El Ministerio de Asuntos Exteriores ruso afirm\u00f3 hoy que la nueva actualizaci\u00f3n de la estrategia de Estados Unidos en el \u00c1rtico apunta claramente a incrementar las tensiones en la regi\u00f3n. La portavoz del Ministerio, Mar\u00eda Zaj\u00e1rova, dijo: &#8220;La estrategia en el \u00c1rtico que fue publicada recientemente por el Departamento de Defensa &hellip;<\/p>\n","protected":false},"author":32,"featured_media":334556,"comment_status":"closed","ping_status":"closed","sticky":false,"template":"","format":"standard","meta":{"footnotes":""},"categories":[597,456,20724,7541],"tags":[],"class_list":["post-334555","post","type-post","status-publish","format-standard","has-post-thumbnail","","category-cinta-de-noticias","category-arabe-internacional-politica","category-minuto-a-minuto","category-ultimas-noticias"],"_links":{"self":[{"href":"https:\/\/archive.sana.sy\/es\/index.php?rest_route=\/wp\/v2\/posts\/334555"}],"collection":[{"href":"https:\/\/archive.sana.sy\/es\/index.php?rest_route=\/wp\/v2\/posts"}],"about":[{"href":"https:\/\/archive.sana.sy\/es\/index.php?rest_route=\/wp\/v2\/types\/post"}],"author":[{"embeddable":true,"href":"https:\/\/archive.sana.sy\/es\/index.php?rest_route=\/wp\/v2\/users\/32"}],"replies":[{"embeddable":true,"href":"https:\/\/archive.sana.sy\/es\/index.php?rest_route=%2Fwp%2Fv2%2Fcomments&post=334555"}],"version-history":[{"count":1,"href":"https:\/\/archive.sana.sy\/es\/index.php?rest_route=\/wp\/v2\/posts\/334555\/revisions"}],"predecessor-version":[{"id":334557,"href":"https:\/\/archive.sana.sy\/es\/index.php?rest_route=\/wp\/v2\/posts\/334555\/revisions\/334557"}],"wp:featuredmedia":[{"embeddable":true,"href":"https:\/\/archive.sana.sy\/es\/index.php?rest_route=\/wp\/v2\/media\/334556"}],"wp:attachment":[{"href":"https:\/\/archive.sana.sy\/es\/index.php?rest_route=%2Fwp%2Fv2%2Fmedia&parent=334555"}],"wp:term":[{"taxonomy":"category","embeddable":true,"href":"https:\/\/archive.sana.sy\/es\/index.php?rest_route=%2Fwp%2Fv2%2Fcategories&post=334555"},{"taxonomy":"post_tag","embeddable":true,"href":"https:\/\/archive.sana.sy\/es\/index.php?rest_route=%2Fwp%2Fv2%2Ftags&post=334555"}],"curies":[{"name":"wp","href":"https:\/\/api.w.org\/{rel}","templated":true}]}}