{"id":334566,"date":"2024-07-24T19:28:23","date_gmt":"2024-07-24T16:28:23","guid":{"rendered":"https:\/\/sana.sy\/es\/?p=334566"},"modified":"2024-07-24T19:27:45","modified_gmt":"2024-07-24T16:27:45","slug":"siria-y-la-rpdc-repasan-vias-de-fortalecer-las-solidas-relaciones-binacionales","status":"publish","type":"post","link":"https:\/\/archive.sana.sy\/es\/?p=334566","title":{"rendered":"Siria y la RPDC repasan v\u00edas de fortalecer las s\u00f3lidas relaciones binacionales"},"content":{"rendered":"<blockquote>\n<p style=\"text-align: justify\"><span style=\"color: #993300\">La ministra Son-hui reiter\u00f3 el apoyo de Pyongyang a la lucha del pueblo sirio para proteger la soberan\u00eda e integridad territorial de su pa\u00eds.<\/span><\/p>\n<\/blockquote>\n<p style=\"text-align: justify\"><span style=\"color: #800000\"><strong>Damasco, 24 jul (SANA)<\/strong><\/span> Con motivo del 58\u00ba aniversario del establecimiento de las relaciones diplom\u00e1ticas entre Siria y la Rep\u00fablica Popular Democr\u00e1tica de Corea (RPDC), el encargado de Negocios de la embajada norcoreana en Damasco, entreg\u00f3 este mi\u00e9rcoles una carta de felicitaci\u00f3n al viceministro de Relaciones Exteriores y Expatriados, Bassam Sabbagh, dirigida de la Canciller Choe Son-hui a su hom\u00f3logo sirio, Faisal al-Mekdad.<\/p>\n<p style=\"text-align: justify\">En la carta, la ministra Son-hui reiter\u00f3 el apoyo de Pyongyang a la lucha del pueblo sirio para proteger la soberan\u00eda e integridad territorial de su pa\u00eds.<\/p>\n<p style=\"text-align: justify\">Por su parte, el vicecanciller Sabbagh destac\u00f3 la profundidad de las relaciones amistosas entre los dos pa\u00edses amigos, y resalt\u00f3 en la importancia de fortalecerlas e intensificar la cooperaci\u00f3n y coordinaci\u00f3n binacionales en todos los \u00e1mbitos que traigan beneficio a los dos pueblos amigos.<\/p>\n<p style=\"text-align: justify\">la<\/p>\n","protected":false},"excerpt":{"rendered":"<p>La ministra Son-hui reiter\u00f3 el apoyo de Pyongyang a la lucha del pueblo sirio para proteger la soberan\u00eda e integridad territorial de su pa\u00eds. Damasco, 24 jul (SANA) Con motivo del 58\u00ba aniversario del establecimiento de las relaciones diplom\u00e1ticas entre Siria y la Rep\u00fablica Popular Democr\u00e1tica de Corea (RPDC), el encargado de Negocios de la &hellip;<\/p>\n","protected":false},"author":24,"featured_media":334567,"comment_status":"closed","ping_status":"closed","sticky":false,"template":"","format":"standard","meta":{"footnotes":""},"categories":[447,477,597,20724,448,467,7541],"tags":[],"class_list":["post-334566","post","type-post","status-publish","format-standard","has-post-thumbnail","","category-local-politica","category-noticias-edulcorantes","category-cinta-de-noticias","category-minuto-a-minuto","category-noticias","category-siria-y-el-mundo","category-ultimas-noticias"],"_links":{"self":[{"href":"https:\/\/archive.sana.sy\/es\/index.php?rest_route=\/wp\/v2\/posts\/334566"}],"collection":[{"href":"https:\/\/archive.sana.sy\/es\/index.php?rest_route=\/wp\/v2\/posts"}],"about":[{"href":"https:\/\/archive.sana.sy\/es\/index.php?rest_route=\/wp\/v2\/types\/post"}],"author":[{"embeddable":true,"href":"https:\/\/archive.sana.sy\/es\/index.php?rest_route=\/wp\/v2\/users\/24"}],"replies":[{"embeddable":true,"href":"https:\/\/archive.sana.sy\/es\/index.php?rest_route=%2Fwp%2Fv2%2Fcomments&post=334566"}],"version-history":[{"count":4,"href":"https:\/\/archive.sana.sy\/es\/index.php?rest_route=\/wp\/v2\/posts\/334566\/revisions"}],"predecessor-version":[{"id":334572,"href":"https:\/\/archive.sana.sy\/es\/index.php?rest_route=\/wp\/v2\/posts\/334566\/revisions\/334572"}],"wp:featuredmedia":[{"embeddable":true,"href":"https:\/\/archive.sana.sy\/es\/index.php?rest_route=\/wp\/v2\/media\/334567"}],"wp:attachment":[{"href":"https:\/\/archive.sana.sy\/es\/index.php?rest_route=%2Fwp%2Fv2%2Fmedia&parent=334566"}],"wp:term":[{"taxonomy":"category","embeddable":true,"href":"https:\/\/archive.sana.sy\/es\/index.php?rest_route=%2Fwp%2Fv2%2Fcategories&post=334566"},{"taxonomy":"post_tag","embeddable":true,"href":"https:\/\/archive.sana.sy\/es\/index.php?rest_route=%2Fwp%2Fv2%2Ftags&post=334566"}],"curies":[{"name":"wp","href":"https:\/\/api.w.org\/{rel}","templated":true}]}}