{"id":33459,"date":"2015-11-13T15:50:45","date_gmt":"2015-11-13T13:50:45","guid":{"rendered":"http:\/\/sana.sy\/es\/?p=33459"},"modified":"2015-11-13T15:50:45","modified_gmt":"2015-11-13T13:50:45","slug":"la-direccion-regional-del-partido-baaz-condena-energicamente-el-ataque-terrorista-contra-suburbio-del-sur-de-beirut","status":"publish","type":"post","link":"https:\/\/archive.sana.sy\/es\/?p=33459","title":{"rendered":"La Direcci\u00f3n Regional del Partido \u201cBaaz condena en\u00e9rgicamente el ataque terrorista contra Suburbio del Sur de Beirut"},"content":{"rendered":"<p style=\"text-align: justify\"><span style=\"color: #800000\">Damasco, SANA<\/span>&#8211; La Direcci\u00f3n Regional del Partido Socialista \u00c1rabe \u201cBaaz \u201c conden\u00f3 en\u00e9rgicamente el crimen terrorista cobarde que ten\u00eda como objetivo a personas inocentes en la zona de Burj el-Barajneh en el Suburbio del Sur de Beirut, confirmando que la respuesta a estos actos se manifestar\u00e1 en seguir luchando contra los terroristas y sus partidarios.<\/p>\n<p style=\"text-align: justify\">La Direcci\u00f3n dijo en un comunicado que SANA recibi\u00f3 una copia del cual &#8220;La \u00fanica respuesta natural a este crimen y a los delitos terroristas similares que suceden Siria, el L\u00edbano y en todo lugar resistente es insistir m\u00e1s en la lucha de los terroristas y sus partidarios hasta eliminar y librar toda la regi\u00f3n del terrorismo&#8221; dirigiendo condolencias a los familiares de los m\u00e1rtires y heridos, y deseando a los heridos una pronta recuperaci\u00f3n.<\/p>\n<p style=\"text-align: justify\">De acuerdo con el comunicado &#8220;Los ataques indiscriminados contra los civiles inocentes revelan la naturaleza del terrorismo y la doctrina de sus patrocinadores de la Alianza del sionismo con los wahab\u00edes y los nuevos Otomano bajo el liderazgo de los EE.UU con el fin de acabar con el futuro de la naci\u00f3n \u00e1rabe y su destino, a trav\u00e9s de atacar los partidarios del eje de la resistencia y del ej\u00e9rcito \u00e1rabe sirio .. Este eje, que cada vez es m\u00e1s fuerte y m\u00e1s adherente a la doctrina de la independencia y la dignidad\u201d.<\/p>\n<p>M.Miri<\/p>\n","protected":false},"excerpt":{"rendered":"<p>Damasco, SANA&#8211; La Direcci\u00f3n Regional del Partido Socialista \u00c1rabe \u201cBaaz \u201c conden\u00f3 en\u00e9rgicamente el crimen terrorista cobarde que ten\u00eda como objetivo a personas inocentes en la zona de Burj el-Barajneh en el Suburbio del Sur de Beirut, confirmando que la respuesta a estos actos se manifestar\u00e1 en seguir luchando contra los terroristas y sus partidarios. &hellip;<\/p>\n","protected":false},"author":1,"featured_media":33460,"comment_status":"closed","ping_status":"closed","sticky":false,"template":"","format":"standard","meta":{"footnotes":""},"categories":[477,476],"tags":[7375],"class_list":["post-33459","post","type-post","status-publish","format-standard","has-post-thumbnail","","category-noticias-edulcorantes","category-locales","tag-la-direccion-regional-del-partido-baaz-condena-energicamente-el-ataque-terrorista-contra-suburbio-del-sur-de-beirut"],"_links":{"self":[{"href":"https:\/\/archive.sana.sy\/es\/index.php?rest_route=\/wp\/v2\/posts\/33459"}],"collection":[{"href":"https:\/\/archive.sana.sy\/es\/index.php?rest_route=\/wp\/v2\/posts"}],"about":[{"href":"https:\/\/archive.sana.sy\/es\/index.php?rest_route=\/wp\/v2\/types\/post"}],"author":[{"embeddable":true,"href":"https:\/\/archive.sana.sy\/es\/index.php?rest_route=\/wp\/v2\/users\/1"}],"replies":[{"embeddable":true,"href":"https:\/\/archive.sana.sy\/es\/index.php?rest_route=%2Fwp%2Fv2%2Fcomments&post=33459"}],"version-history":[{"count":0,"href":"https:\/\/archive.sana.sy\/es\/index.php?rest_route=\/wp\/v2\/posts\/33459\/revisions"}],"wp:featuredmedia":[{"embeddable":true,"href":"https:\/\/archive.sana.sy\/es\/index.php?rest_route=\/wp\/v2\/media\/33460"}],"wp:attachment":[{"href":"https:\/\/archive.sana.sy\/es\/index.php?rest_route=%2Fwp%2Fv2%2Fmedia&parent=33459"}],"wp:term":[{"taxonomy":"category","embeddable":true,"href":"https:\/\/archive.sana.sy\/es\/index.php?rest_route=%2Fwp%2Fv2%2Fcategories&post=33459"},{"taxonomy":"post_tag","embeddable":true,"href":"https:\/\/archive.sana.sy\/es\/index.php?rest_route=%2Fwp%2Fv2%2Ftags&post=33459"}],"curies":[{"name":"wp","href":"https:\/\/api.w.org\/{rel}","templated":true}]}}