{"id":334590,"date":"2024-07-25T14:34:15","date_gmt":"2024-07-25T11:34:15","guid":{"rendered":"https:\/\/sana.sy\/es\/?p=334590"},"modified":"2024-07-25T14:34:15","modified_gmt":"2024-07-25T11:34:15","slug":"fuerzas-rusas-eliminan-a-decenas-de-militares-de-kiev-entre-ellos-mercenarios-extranjeros","status":"publish","type":"post","link":"https:\/\/archive.sana.sy\/es\/?p=334590","title":{"rendered":"Fuerzas rusas eliminan a decenas de militares de Kiev, entre ellos mercenarios extranjeros"},"content":{"rendered":"<p style=\"text-align: justify;\"><span style=\"color: #800000;\"><strong>Mosc\u00fa, 25 jul (SANA)\u00a0<\/strong><\/span> El Ministerio de Defensa ruso anunci\u00f3 que las fuerzas rusas bombardearon con misiles \u201cIskander-M\u201d un punto de despliegue temporal de las tropas ucranianas en la zona industrial de la provincia de J\u00e1rkov, lo que provoc\u00f3 la eliminaci\u00f3n de decenas de combatientes de Kiev.<\/p>\n<p style=\"text-align: justify;\">\u201cEl ataque caus\u00f3 la muerte de m\u00e1s de 100 militares del r\u00e9gimen ucraniano, entre ellos 40 entrenadores extranjeros\u201d, detall\u00f3 la referida entidad castrense un comunicado, inform\u00f3 la agencia de noticias Sputnik.<\/p>\n<p style=\"text-align: justify;\">La operaci\u00f3n militar especial rusa, que comenz\u00f3 el 24 de febrero de 2022, ha entrado en su tercer a\u00f1o, y tiene como objetivo proteger a los residentes de Donb\u00e1s que han sido objeto de persecuci\u00f3n y exterminio por parte del r\u00e9gimen de Kiev durante a\u00f1os.<\/p>\n<p style=\"text-align: justify;\">sm<\/p>\n","protected":false},"excerpt":{"rendered":"<p>Mosc\u00fa, 25 jul (SANA)\u00a0 El Ministerio de Defensa ruso anunci\u00f3 que las fuerzas rusas bombardearon con misiles \u201cIskander-M\u201d un punto de despliegue temporal de las tropas ucranianas en la zona industrial de la provincia de J\u00e1rkov, lo que provoc\u00f3 la eliminaci\u00f3n de decenas de combatientes de Kiev. \u201cEl ataque caus\u00f3 la muerte de m\u00e1s de &hellip;<\/p>\n","protected":false},"author":39,"featured_media":334591,"comment_status":"closed","ping_status":"closed","sticky":false,"template":"","format":"standard","meta":{"footnotes":""},"categories":[597,456,16687,20724,7541],"tags":[],"class_list":["post-334590","post","type-post","status-publish","format-standard","has-post-thumbnail","","category-cinta-de-noticias","category-arabe-internacional-politica","category-internacionales","category-minuto-a-minuto","category-ultimas-noticias"],"_links":{"self":[{"href":"https:\/\/archive.sana.sy\/es\/index.php?rest_route=\/wp\/v2\/posts\/334590"}],"collection":[{"href":"https:\/\/archive.sana.sy\/es\/index.php?rest_route=\/wp\/v2\/posts"}],"about":[{"href":"https:\/\/archive.sana.sy\/es\/index.php?rest_route=\/wp\/v2\/types\/post"}],"author":[{"embeddable":true,"href":"https:\/\/archive.sana.sy\/es\/index.php?rest_route=\/wp\/v2\/users\/39"}],"replies":[{"embeddable":true,"href":"https:\/\/archive.sana.sy\/es\/index.php?rest_route=%2Fwp%2Fv2%2Fcomments&post=334590"}],"version-history":[{"count":1,"href":"https:\/\/archive.sana.sy\/es\/index.php?rest_route=\/wp\/v2\/posts\/334590\/revisions"}],"predecessor-version":[{"id":334592,"href":"https:\/\/archive.sana.sy\/es\/index.php?rest_route=\/wp\/v2\/posts\/334590\/revisions\/334592"}],"wp:featuredmedia":[{"embeddable":true,"href":"https:\/\/archive.sana.sy\/es\/index.php?rest_route=\/wp\/v2\/media\/334591"}],"wp:attachment":[{"href":"https:\/\/archive.sana.sy\/es\/index.php?rest_route=%2Fwp%2Fv2%2Fmedia&parent=334590"}],"wp:term":[{"taxonomy":"category","embeddable":true,"href":"https:\/\/archive.sana.sy\/es\/index.php?rest_route=%2Fwp%2Fv2%2Fcategories&post=334590"},{"taxonomy":"post_tag","embeddable":true,"href":"https:\/\/archive.sana.sy\/es\/index.php?rest_route=%2Fwp%2Fv2%2Ftags&post=334590"}],"curies":[{"name":"wp","href":"https:\/\/api.w.org\/{rel}","templated":true}]}}