{"id":334598,"date":"2024-07-25T08:21:28","date_gmt":"2024-07-25T05:21:28","guid":{"rendered":"https:\/\/sana.sy\/es\/?p=334598"},"modified":"2024-07-25T16:30:34","modified_gmt":"2024-07-25T13:30:34","slug":"embajada-de-china-en-damasco-organiza-recepcion-con-motivo-del-97o-aniversario-del-ejercito-popular-de-liberacion-de-china","status":"publish","type":"post","link":"https:\/\/archive.sana.sy\/es\/?p=334598","title":{"rendered":"Embajada de China en Damasco organiza recepci\u00f3n con motivo del 97\u00ba aniversario del Ej\u00e9rcito Popular de Liberaci\u00f3n de China"},"content":{"rendered":"<p style=\"text-align: justify;\"><span style=\"color: #800000;\"><strong>Damasco,\u00a0 25 jul (SANA)<\/strong><\/span>\u00a0\u00a0La Embajada de China en Damasco ofreci\u00f3 una recepci\u00f3n con ocasi\u00f3n del 97\u00ba aniversario de la fundaci\u00f3n del Ej\u00e9rcito Popular de Liberaci\u00f3n de China.<\/p>\n<p style=\"text-align: justify;\"><img loading=\"lazy\" decoding=\"async\" class=\"size-medium wp-image-334601 alignright\" src=\"http:\/\/sana.sy\/es\/wp-content\/uploads\/2024\/07\/Embajada-de-China-en-Damasco-organiza-recepcion-con-motivo-del-aniversario-del-Ejercito-Popular-de-Liberacion-de-China0-300x194.jpeg\" alt=\"\" width=\"300\" height=\"194\" srcset=\"https:\/\/archive.sana.sy\/es\/wp-content\/uploads\/2024\/07\/Embajada-de-China-en-Damasco-organiza-recepcion-con-motivo-del-aniversario-del-Ejercito-Popular-de-Liberacion-de-China0-300x194.jpeg 300w, https:\/\/archive.sana.sy\/es\/wp-content\/uploads\/2024\/07\/Embajada-de-China-en-Damasco-organiza-recepcion-con-motivo-del-aniversario-del-Ejercito-Popular-de-Liberacion-de-China0-150x97.jpeg 150w, https:\/\/archive.sana.sy\/es\/wp-content\/uploads\/2024\/07\/Embajada-de-China-en-Damasco-organiza-recepcion-con-motivo-del-aniversario-del-Ejercito-Popular-de-Liberacion-de-China0.jpeg 660w\" sizes=\"(max-width: 300px) 100vw, 300px\" \/><\/p>\n<p style=\"text-align: justify;\">Durante el evento que se realiz\u00f3 en el Hotel DamaRose en la capital siria, el agregado de Defensa de la Embajada, el general de brigada Ha Yongliang, afirm\u00f3 que su pa\u00eds continuar\u00e1 apoyando al ej\u00e9rcito y pueblo sirios en la protecci\u00f3n de la soberan\u00eda nacional y lograr su independencia.<\/p>\n<p style=\"text-align: justify;\">\u201cNuestro pa\u00eds est\u00e1 plenamente preparado para trabajar codo a codo con el gobierno de Siria para llevar las relaciones bilaterales entre los dos ej\u00e9rcitos a niveles superiores y mejorar la cooperaci\u00f3n entre ellos en la nueva era\u201d, dijo Yongliang.<\/p>\n<p style=\"text-align: justify;\">El diplom\u00e1tico chino destac\u00f3 la importancia del aniversario de la fundaci\u00f3n del ej\u00e9rcito de su pa\u00eds ya que es la misma fecha que la fundaci\u00f3n del ej\u00e9rcito sirio y coincide con el aniversario del establecimiento de relaciones diplom\u00e1ticas entre ambas naciones.<\/p>\n<p style=\"text-align: justify;\"><img loading=\"lazy\" decoding=\"async\" class=\"size-medium wp-image-334600 alignright\" src=\"http:\/\/sana.sy\/es\/wp-content\/uploads\/2024\/07\/Embajada-de-China-en-Damasco-organiza-recepcion-con-motivo-del-aniversario-del-Ejercito-Popular-de-Liberacion-de-China00-300x206.jpeg\" alt=\"\" width=\"300\" height=\"206\" srcset=\"https:\/\/archive.sana.sy\/es\/wp-content\/uploads\/2024\/07\/Embajada-de-China-en-Damasco-organiza-recepcion-con-motivo-del-aniversario-del-Ejercito-Popular-de-Liberacion-de-China00-300x206.jpeg 300w, https:\/\/archive.sana.sy\/es\/wp-content\/uploads\/2024\/07\/Embajada-de-China-en-Damasco-organiza-recepcion-con-motivo-del-aniversario-del-Ejercito-Popular-de-Liberacion-de-China00-150x103.jpeg 150w, https:\/\/archive.sana.sy\/es\/wp-content\/uploads\/2024\/07\/Embajada-de-China-en-Damasco-organiza-recepcion-con-motivo-del-aniversario-del-Ejercito-Popular-de-Liberacion-de-China00-110x75.jpeg 110w, https:\/\/archive.sana.sy\/es\/wp-content\/uploads\/2024\/07\/Embajada-de-China-en-Damasco-organiza-recepcion-con-motivo-del-aniversario-del-Ejercito-Popular-de-Liberacion-de-China00.jpeg 660w\" sizes=\"(max-width: 300px) 100vw, 300px\" \/><\/p>\n<p style=\"text-align: justify;\">Por su parte, el ministro de Defensa, general Ali Mahmoud Abbas, elogi\u00f3 el gran papel de China en el respaldo a Siria durante los a\u00f1os de la guerra terrorista impuesta en su contra , incluido el bloqueo econ\u00f3mico y las sanciones unilaterales por las fuerzas que apoyan el terrorismo.<\/p>\n<p style=\"text-align: justify;\">\u201cApreciamos la posici\u00f3n china de apoyo a nuestro pa\u00eds, en todas las adversidades y crisis, especialmente durante la pandemia de la Covid-19 y el terremoto del 2023, adem\u00e1s de enviar lotes de ayuda humanitaria a los afectados\u201d, coment\u00f3 Abbas.<\/p>\n<p style=\"text-align: justify;\">El Ministro sirio expres\u00f3 su aprecio a la Rep\u00fablica de China y su ej\u00e9rcito amigo, que logr\u00f3, en cortos per\u00edodos de tiempo, convertirse en uno de los ej\u00e9rcitos m\u00e1s fuertes del mundo, adem\u00e1s del desarrollo alcanzado, especialmente en el campo tecnol\u00f3gico, y la participaci\u00f3n internacional en operaciones de paz y en la ayuda a otros pa\u00edses.<\/p>\n<div id='gallery-1' class='gallery galleryid-334598 gallery-columns-1 gallery-size-full'><figure class='gallery-item'>\n\t\t\t<div class='gallery-icon landscape'>\n\t\t\t\t<a href='https:\/\/archive.sana.sy\/es\/?attachment_id=334602'><img loading=\"lazy\" decoding=\"async\" width=\"660\" height=\"440\" src=\"https:\/\/archive.sana.sy\/es\/wp-content\/uploads\/2024\/07\/Embajada-de-China-en-Damasco-organiza-recepcion-con-motivo-del-aniversario-del-Ejercito-Popular-de-Liberacion-de-China0001.jpeg\" class=\"attachment-full size-full\" alt=\"\" srcset=\"https:\/\/archive.sana.sy\/es\/wp-content\/uploads\/2024\/07\/Embajada-de-China-en-Damasco-organiza-recepcion-con-motivo-del-aniversario-del-Ejercito-Popular-de-Liberacion-de-China0001.jpeg 660w, https:\/\/archive.sana.sy\/es\/wp-content\/uploads\/2024\/07\/Embajada-de-China-en-Damasco-organiza-recepcion-con-motivo-del-aniversario-del-Ejercito-Popular-de-Liberacion-de-China0001-300x200.jpeg 300w, https:\/\/archive.sana.sy\/es\/wp-content\/uploads\/2024\/07\/Embajada-de-China-en-Damasco-organiza-recepcion-con-motivo-del-aniversario-del-Ejercito-Popular-de-Liberacion-de-China0001-150x100.jpeg 150w\" sizes=\"(max-width: 660px) 100vw, 660px\" \/><\/a>\n\t\t\t<\/div><\/figure><figure class='gallery-item'>\n\t\t\t<div class='gallery-icon landscape'>\n\t\t\t\t<a href='https:\/\/archive.sana.sy\/es\/?attachment_id=334603'><img loading=\"lazy\" decoding=\"async\" width=\"660\" height=\"440\" src=\"https:\/\/archive.sana.sy\/es\/wp-content\/uploads\/2024\/07\/Embajada-de-China-en-Damasco-organiza-recepcion-con-motivo-del-aniversario-del-Ejercito-Popular-de-Liberacion-de-China001.jpeg\" class=\"attachment-full size-full\" alt=\"\" srcset=\"https:\/\/archive.sana.sy\/es\/wp-content\/uploads\/2024\/07\/Embajada-de-China-en-Damasco-organiza-recepcion-con-motivo-del-aniversario-del-Ejercito-Popular-de-Liberacion-de-China001.jpeg 660w, https:\/\/archive.sana.sy\/es\/wp-content\/uploads\/2024\/07\/Embajada-de-China-en-Damasco-organiza-recepcion-con-motivo-del-aniversario-del-Ejercito-Popular-de-Liberacion-de-China001-300x200.jpeg 300w, https:\/\/archive.sana.sy\/es\/wp-content\/uploads\/2024\/07\/Embajada-de-China-en-Damasco-organiza-recepcion-con-motivo-del-aniversario-del-Ejercito-Popular-de-Liberacion-de-China001-150x100.jpeg 150w\" sizes=\"(max-width: 660px) 100vw, 660px\" \/><\/a>\n\t\t\t<\/div><\/figure>\n\t\t<\/div>\n\n<p style=\"text-align: justify;\">ws\/fm\/sm<\/p>\n","protected":false},"excerpt":{"rendered":"<p>Damasco,\u00a0 25 jul (SANA)\u00a0\u00a0La Embajada de China en Damasco ofreci\u00f3 una recepci\u00f3n con ocasi\u00f3n del 97\u00ba aniversario de la fundaci\u00f3n del Ej\u00e9rcito Popular de Liberaci\u00f3n de China. Durante el evento que se realiz\u00f3 en el Hotel DamaRose en la capital siria, el agregado de Defensa de la Embajada, el general de brigada Ha Yongliang, afirm\u00f3 &hellip;<\/p>\n","protected":false},"author":39,"featured_media":334599,"comment_status":"closed","ping_status":"closed","sticky":false,"template":"","format":"standard","meta":{"footnotes":""},"categories":[597,20724,467,583],"tags":[],"class_list":["post-334598","post","type-post","status-publish","format-standard","has-post-thumbnail","","category-cinta-de-noticias","category-minuto-a-minuto","category-siria-y-el-mundo","category-slide"],"_links":{"self":[{"href":"https:\/\/archive.sana.sy\/es\/index.php?rest_route=\/wp\/v2\/posts\/334598"}],"collection":[{"href":"https:\/\/archive.sana.sy\/es\/index.php?rest_route=\/wp\/v2\/posts"}],"about":[{"href":"https:\/\/archive.sana.sy\/es\/index.php?rest_route=\/wp\/v2\/types\/post"}],"author":[{"embeddable":true,"href":"https:\/\/archive.sana.sy\/es\/index.php?rest_route=\/wp\/v2\/users\/39"}],"replies":[{"embeddable":true,"href":"https:\/\/archive.sana.sy\/es\/index.php?rest_route=%2Fwp%2Fv2%2Fcomments&post=334598"}],"version-history":[{"count":1,"href":"https:\/\/archive.sana.sy\/es\/index.php?rest_route=\/wp\/v2\/posts\/334598\/revisions"}],"predecessor-version":[{"id":334604,"href":"https:\/\/archive.sana.sy\/es\/index.php?rest_route=\/wp\/v2\/posts\/334598\/revisions\/334604"}],"wp:featuredmedia":[{"embeddable":true,"href":"https:\/\/archive.sana.sy\/es\/index.php?rest_route=\/wp\/v2\/media\/334599"}],"wp:attachment":[{"href":"https:\/\/archive.sana.sy\/es\/index.php?rest_route=%2Fwp%2Fv2%2Fmedia&parent=334598"}],"wp:term":[{"taxonomy":"category","embeddable":true,"href":"https:\/\/archive.sana.sy\/es\/index.php?rest_route=%2Fwp%2Fv2%2Fcategories&post=334598"},{"taxonomy":"post_tag","embeddable":true,"href":"https:\/\/archive.sana.sy\/es\/index.php?rest_route=%2Fwp%2Fv2%2Ftags&post=334598"}],"curies":[{"name":"wp","href":"https:\/\/api.w.org\/{rel}","templated":true}]}}