{"id":334621,"date":"2024-07-25T19:44:22","date_gmt":"2024-07-25T16:44:22","guid":{"rendered":"https:\/\/sana.sy\/es\/?p=334621"},"modified":"2024-07-26T14:15:54","modified_gmt":"2024-07-26T11:15:54","slug":"bajo-patrocinio-del-presidente-al-assad-se-gradua-nuevo-grupo-de-cadetes-de-la-academia-de-ingenieria-militar","status":"publish","type":"post","link":"https:\/\/archive.sana.sy\/es\/?p=334621","title":{"rendered":"Bajo patrocinio del Presidente Al-Assad, se grad\u00faa nuevo grupo de cadetes de la Academia de Ingenier\u00eda Militar"},"content":{"rendered":"<p style=\"text-align: justify;\"><span style=\"color: #800000;\"><strong>Alepo, 25 jul (SANA)\u00a0 <\/strong><\/span>Bajo los auspicios del presidente Bashar al-Assad, comandante en jefe del Ej\u00e9rcito y las Fuerzas Armadas, se celebr\u00f3 hoy la graduaci\u00f3n de una nueva promoci\u00f3n de oficiales de la Academia Al-Assad para Ingenier\u00eda Militar.<\/p>\n<p style=\"text-align: justify;\">El Presidente Al-Assad fue representado por el Subjefe del Estado Mayor General del Ej\u00e9rcito y Fuerzas Armadas.<\/p>\n<p style=\"text-align: justify;\">La ceremonia comenz\u00f3 con un minuto de silencio en honor de las almas de los m\u00e1rtires, luego se escuch\u00f3 el himno nacional de la Rep\u00fablica \u00c1rabe Siria.<\/p>\n<p style=\"text-align: justify;\">El Mayor General, representante del patrocinador de la celebraci\u00f3n, pronunci\u00f3 un discurso en el que transmiti\u00f3 a los graduados las felicitaciones del presidente Al-Assad y sus deseos a ellos de tener \u00e9xitos en las tareas nacionales que les esperan junto a sus compa\u00f1eros de lucha.<\/p>\n<p style=\"text-align: justify;\">Destac\u00f3 que el ej\u00e9rcito sirio siempre estar\u00e1 firme ante los proyectos de partici\u00f3n y fragmentaci\u00f3n y seguir\u00e1 el camino hasta lograr la victoria y la liberaci\u00f3n de todo el territorio nacional.<\/p>\n<p style=\"text-align: justify;\">Los cadetes graduados prestaron el juramento militar, y se entregaron los diplomas de reconocimiento a los primeros graduados.<\/p>\n<p style=\"text-align: justify;\">ahs\/sm<\/p>\n","protected":false},"excerpt":{"rendered":"<p>Alepo, 25 jul (SANA)\u00a0 Bajo los auspicios del presidente Bashar al-Assad, comandante en jefe del Ej\u00e9rcito y las Fuerzas Armadas, se celebr\u00f3 hoy la graduaci\u00f3n de una nueva promoci\u00f3n de oficiales de la Academia Al-Assad para Ingenier\u00eda Militar. El Presidente Al-Assad fue representado por el Subjefe del Estado Mayor General del Ej\u00e9rcito y Fuerzas Armadas. &hellip;<\/p>\n","protected":false},"author":39,"featured_media":334622,"comment_status":"closed","ping_status":"closed","sticky":false,"template":"","format":"standard","meta":{"footnotes":""},"categories":[477,597,476,16237,583,626],"tags":[],"class_list":["post-334621","post","type-post","status-publish","format-standard","has-post-thumbnail","","category-noticias-edulcorantes","category-cinta-de-noticias","category-locales","category-presidence-de-la-republique-arabe-syria","category-slide","category-sr-presidente"],"_links":{"self":[{"href":"https:\/\/archive.sana.sy\/es\/index.php?rest_route=\/wp\/v2\/posts\/334621"}],"collection":[{"href":"https:\/\/archive.sana.sy\/es\/index.php?rest_route=\/wp\/v2\/posts"}],"about":[{"href":"https:\/\/archive.sana.sy\/es\/index.php?rest_route=\/wp\/v2\/types\/post"}],"author":[{"embeddable":true,"href":"https:\/\/archive.sana.sy\/es\/index.php?rest_route=\/wp\/v2\/users\/39"}],"replies":[{"embeddable":true,"href":"https:\/\/archive.sana.sy\/es\/index.php?rest_route=%2Fwp%2Fv2%2Fcomments&post=334621"}],"version-history":[{"count":2,"href":"https:\/\/archive.sana.sy\/es\/index.php?rest_route=\/wp\/v2\/posts\/334621\/revisions"}],"predecessor-version":[{"id":334624,"href":"https:\/\/archive.sana.sy\/es\/index.php?rest_route=\/wp\/v2\/posts\/334621\/revisions\/334624"}],"wp:featuredmedia":[{"embeddable":true,"href":"https:\/\/archive.sana.sy\/es\/index.php?rest_route=\/wp\/v2\/media\/334622"}],"wp:attachment":[{"href":"https:\/\/archive.sana.sy\/es\/index.php?rest_route=%2Fwp%2Fv2%2Fmedia&parent=334621"}],"wp:term":[{"taxonomy":"category","embeddable":true,"href":"https:\/\/archive.sana.sy\/es\/index.php?rest_route=%2Fwp%2Fv2%2Fcategories&post=334621"},{"taxonomy":"post_tag","embeddable":true,"href":"https:\/\/archive.sana.sy\/es\/index.php?rest_route=%2Fwp%2Fv2%2Ftags&post=334621"}],"curies":[{"name":"wp","href":"https:\/\/api.w.org\/{rel}","templated":true}]}}