{"id":334642,"date":"2024-07-26T12:42:37","date_gmt":"2024-07-26T09:42:37","guid":{"rendered":"https:\/\/sana.sy\/es\/?p=334642"},"modified":"2024-07-26T12:42:37","modified_gmt":"2024-07-26T09:42:37","slug":"israel-persiste-en-su-guerra-genocida-contra-gaza-y-asesina-mas-civiles","status":"publish","type":"post","link":"https:\/\/archive.sana.sy\/es\/?p=334642","title":{"rendered":"\u201cIsrael\u201d persiste en su guerra genocida contra Gaza y asesina m\u00e1s civiles"},"content":{"rendered":"<p style=\"text-align: justify;\"><span style=\"color: #800000;\"><strong>Jerusal\u00e9n ocupada, 26 jul (SANA)<\/strong> <\/span>Cinco palestinos murieron y otros resultaron heridos debido a un bombardeo de la aviaci\u00f3n israel\u00ed en diferentes zonas de la Franja de Gaza, en el d\u00eda 294 de la guerra.<\/p>\n<p style=\"text-align: justify;\">Seg\u00fan medios palestinos, la aviaci\u00f3n israel\u00ed bombarde\u00f3 viviendas en el este de la ciudad de Gaza y un apartamento en el barrio de Al-Daraj, y caus\u00f3 la muerte de cinco palestinos y heridas a otros.<\/p>\n<p style=\"text-align: justify;\">Tambi\u00e9n, los cazas israel\u00edes bombardearon edificios residenciales en la zona de Al-Mughraqa en el campamento de refugiados de Al-Nuseirat, mientras varios palestinos murieron y otros resultaron heridos en un bombardeo en Bani Suheila, al sur de la Franja de Gaza.<\/p>\n<p style=\"text-align: justify;\">Seg\u00fan el Ministerio de Salud palestino, el n\u00famero de v\u00edctimas de la agresi\u00f3n israel\u00ed genocida contra Gaza desde el 7 de octubre super\u00f3 los 39 mil 175 muertos, en su mayor\u00eda mujeres y ni\u00f1os, y 90 mil 403 heridos.<\/p>\n<p style=\"text-align: justify;\">Mientras tanto, muchas v\u00edctimas permanecen bajo los escombros o en las calles, y los equipos de rescate no pueden llegar a ellos.<\/p>\n<p style=\"text-align: justify;\"><em><strong>ah<\/strong><\/em><\/p>\n","protected":false},"excerpt":{"rendered":"<p>Jerusal\u00e9n ocupada, 26 jul (SANA) Cinco palestinos murieron y otros resultaron heridos debido a un bombardeo de la aviaci\u00f3n israel\u00ed en diferentes zonas de la Franja de Gaza, en el d\u00eda 294 de la guerra. Seg\u00fan medios palestinos, la aviaci\u00f3n israel\u00ed bombarde\u00f3 viviendas en el este de la ciudad de Gaza y un apartamento en &hellip;<\/p>\n","protected":false},"author":30,"featured_media":334643,"comment_status":"closed","ping_status":"closed","sticky":false,"template":"","format":"standard","meta":{"footnotes":""},"categories":[597,456,20724,583],"tags":[],"class_list":["post-334642","post","type-post","status-publish","format-standard","has-post-thumbnail","","category-cinta-de-noticias","category-arabe-internacional-politica","category-minuto-a-minuto","category-slide"],"_links":{"self":[{"href":"https:\/\/archive.sana.sy\/es\/index.php?rest_route=\/wp\/v2\/posts\/334642"}],"collection":[{"href":"https:\/\/archive.sana.sy\/es\/index.php?rest_route=\/wp\/v2\/posts"}],"about":[{"href":"https:\/\/archive.sana.sy\/es\/index.php?rest_route=\/wp\/v2\/types\/post"}],"author":[{"embeddable":true,"href":"https:\/\/archive.sana.sy\/es\/index.php?rest_route=\/wp\/v2\/users\/30"}],"replies":[{"embeddable":true,"href":"https:\/\/archive.sana.sy\/es\/index.php?rest_route=%2Fwp%2Fv2%2Fcomments&post=334642"}],"version-history":[{"count":1,"href":"https:\/\/archive.sana.sy\/es\/index.php?rest_route=\/wp\/v2\/posts\/334642\/revisions"}],"predecessor-version":[{"id":334644,"href":"https:\/\/archive.sana.sy\/es\/index.php?rest_route=\/wp\/v2\/posts\/334642\/revisions\/334644"}],"wp:featuredmedia":[{"embeddable":true,"href":"https:\/\/archive.sana.sy\/es\/index.php?rest_route=\/wp\/v2\/media\/334643"}],"wp:attachment":[{"href":"https:\/\/archive.sana.sy\/es\/index.php?rest_route=%2Fwp%2Fv2%2Fmedia&parent=334642"}],"wp:term":[{"taxonomy":"category","embeddable":true,"href":"https:\/\/archive.sana.sy\/es\/index.php?rest_route=%2Fwp%2Fv2%2Fcategories&post=334642"},{"taxonomy":"post_tag","embeddable":true,"href":"https:\/\/archive.sana.sy\/es\/index.php?rest_route=%2Fwp%2Fv2%2Ftags&post=334642"}],"curies":[{"name":"wp","href":"https:\/\/api.w.org\/{rel}","templated":true}]}}