{"id":334645,"date":"2024-07-26T12:47:38","date_gmt":"2024-07-26T09:47:38","guid":{"rendered":"https:\/\/sana.sy\/es\/?p=334645"},"modified":"2024-07-26T12:47:38","modified_gmt":"2024-07-26T09:47:38","slug":"fuerzas-sionistas-arrestan-a-23-palestinos-en-cisjordania","status":"publish","type":"post","link":"https:\/\/archive.sana.sy\/es\/?p=334645","title":{"rendered":"Fuerzas sionistas arrestan a 23 palestinos en Cisjordania"},"content":{"rendered":"<p style=\"text-align: justify;\"><span style=\"color: #800000;\"><strong>Jerusal\u00e9n ocupada, 26 jul (SANA)<\/strong> <\/span>Las fuerzas de ocupaci\u00f3n israel\u00ed arrestaron a 23 palestinos, incluidos ni\u00f1os y mujeres, en varias \u00e1reas de Cisjordania.<\/p>\n<p style=\"text-align: justify;\">Seg\u00fan la agencia palestina \u00a0Wafa, las fuerzas israel\u00edes irrumpieron en la zona sur de Hebr\u00f3n, el este de Nablus, Qalqilya y la ciudad de Azun, donde registraron viviendas, causaron destrozos y arrestaron a 20 palestinos, incluidos ni\u00f1os y mujeres.<\/p>\n<p style=\"text-align: justify;\">Tambi\u00e9n invadieron Yen\u00edn y los alrededores de su campamento de refugiados, lanzaron gas lacrim\u00f3geno, desplegaron francotiradores y arrestaron a tres j\u00f3venes.<\/p>\n<p style=\"text-align: justify;\">En Bel\u00e9n, las fuerzas israel\u00edes irrumpieron en las aldeas de Husan y Kisan, atacaron a los palestinos con gas lacrim\u00f3geno y retuvieron a dos pastores durante horas.<\/p>\n<p style=\"text-align: justify;\">Adem\u00e1s, grupos de colonos sionistas, con protecci\u00f3n de las fuerzas de ocupaci\u00f3n, realizaron recorridos provocativos en Hebr\u00f3n y \u00e1reas arqueol\u00f3gicas y manantiales de agua en Dora.<\/p>\n<p style=\"text-align: justify;\">Ayer, las fuerzas de ocupaci\u00f3n arrestaron a 22 palestinos en Cisjordania, incluidos un periodista, un ni\u00f1o y exprisioneros.<\/p>\n<p style=\"text-align: justify;\"><em><strong>ah<\/strong><\/em><\/p>\n","protected":false},"excerpt":{"rendered":"<p>Jerusal\u00e9n ocupada, 26 jul (SANA) Las fuerzas de ocupaci\u00f3n israel\u00ed arrestaron a 23 palestinos, incluidos ni\u00f1os y mujeres, en varias \u00e1reas de Cisjordania. Seg\u00fan la agencia palestina \u00a0Wafa, las fuerzas israel\u00edes irrumpieron en la zona sur de Hebr\u00f3n, el este de Nablus, Qalqilya y la ciudad de Azun, donde registraron viviendas, causaron destrozos y arrestaron &hellip;<\/p>\n","protected":false},"author":30,"featured_media":334646,"comment_status":"closed","ping_status":"closed","sticky":false,"template":"","format":"standard","meta":{"footnotes":""},"categories":[597,456,20724,7541],"tags":[],"class_list":["post-334645","post","type-post","status-publish","format-standard","has-post-thumbnail","","category-cinta-de-noticias","category-arabe-internacional-politica","category-minuto-a-minuto","category-ultimas-noticias"],"_links":{"self":[{"href":"https:\/\/archive.sana.sy\/es\/index.php?rest_route=\/wp\/v2\/posts\/334645"}],"collection":[{"href":"https:\/\/archive.sana.sy\/es\/index.php?rest_route=\/wp\/v2\/posts"}],"about":[{"href":"https:\/\/archive.sana.sy\/es\/index.php?rest_route=\/wp\/v2\/types\/post"}],"author":[{"embeddable":true,"href":"https:\/\/archive.sana.sy\/es\/index.php?rest_route=\/wp\/v2\/users\/30"}],"replies":[{"embeddable":true,"href":"https:\/\/archive.sana.sy\/es\/index.php?rest_route=%2Fwp%2Fv2%2Fcomments&post=334645"}],"version-history":[{"count":1,"href":"https:\/\/archive.sana.sy\/es\/index.php?rest_route=\/wp\/v2\/posts\/334645\/revisions"}],"predecessor-version":[{"id":334647,"href":"https:\/\/archive.sana.sy\/es\/index.php?rest_route=\/wp\/v2\/posts\/334645\/revisions\/334647"}],"wp:featuredmedia":[{"embeddable":true,"href":"https:\/\/archive.sana.sy\/es\/index.php?rest_route=\/wp\/v2\/media\/334646"}],"wp:attachment":[{"href":"https:\/\/archive.sana.sy\/es\/index.php?rest_route=%2Fwp%2Fv2%2Fmedia&parent=334645"}],"wp:term":[{"taxonomy":"category","embeddable":true,"href":"https:\/\/archive.sana.sy\/es\/index.php?rest_route=%2Fwp%2Fv2%2Fcategories&post=334645"},{"taxonomy":"post_tag","embeddable":true,"href":"https:\/\/archive.sana.sy\/es\/index.php?rest_route=%2Fwp%2Fv2%2Ftags&post=334645"}],"curies":[{"name":"wp","href":"https:\/\/api.w.org\/{rel}","templated":true}]}}