{"id":334649,"date":"2024-07-26T14:13:37","date_gmt":"2024-07-26T11:13:37","guid":{"rendered":"https:\/\/sana.sy\/es\/?p=334649"},"modified":"2024-07-26T14:16:28","modified_gmt":"2024-07-26T11:16:28","slug":"ejercito-ruso-destruye-un-cuartel-general-de-las-tropas-ucranianas-y-elimina-a-varios-mercenarios","status":"publish","type":"post","link":"https:\/\/archive.sana.sy\/es\/?p=334649","title":{"rendered":"Ej\u00e9rcito ruso destruye un cuartel general de las tropas ucranianas y elimina a varios mercenarios"},"content":{"rendered":"<p style=\"text-align: justify;\"><span style=\"color: #800000;\"><strong>Mosc\u00fa, 26 jul (SANA)\u00a0 <\/strong><\/span>El coordinador de acci\u00f3n secreta en la provincia de Nikolaev, Sergu\u00e9i Lebedev, inform\u00f3 que las fuerzas rusas atacaron un sitio militar perteneciente a las fuerzas ucranianas en la provincia de Chernigov y eliminaron a varios mercenarios.<\/p>\n<p style=\"text-align: justify;\">&#8220;El ataque se llev\u00f3 a cabo contra una posici\u00f3n del personal de las Fuerzas Armadas de Ucrania en la ciudad de Nyzhyn en la mencionada provincia, y entre los muertos hab\u00eda hasta diez mercenarios extranjeros&#8221;, dijo el funcionario ruso en una entrevista exclusiva con la agencia Sputnik.<\/p>\n<p style=\"text-align: justify;\">Agreg\u00f3 que las explosiones se escucharon en toda la ciudad de Nyzhyn.<\/p>\n<p style=\"text-align: justify;\">Detall\u00f3 que mercenarios neutralizados estaban estacionados en el referido sitio en preparaci\u00f3n para realizar un ataque.<\/p>\n<p style=\"text-align: justify;\">sm<\/p>\n","protected":false},"excerpt":{"rendered":"<p>Mosc\u00fa, 26 jul (SANA)\u00a0 El coordinador de acci\u00f3n secreta en la provincia de Nikolaev, Sergu\u00e9i Lebedev, inform\u00f3 que las fuerzas rusas atacaron un sitio militar perteneciente a las fuerzas ucranianas en la provincia de Chernigov y eliminaron a varios mercenarios. &#8220;El ataque se llev\u00f3 a cabo contra una posici\u00f3n del personal de las Fuerzas Armadas &hellip;<\/p>\n","protected":false},"author":39,"featured_media":334650,"comment_status":"closed","ping_status":"closed","sticky":false,"template":"","format":"standard","meta":{"footnotes":""},"categories":[597,456,16687,20724,7541],"tags":[],"class_list":["post-334649","post","type-post","status-publish","format-standard","has-post-thumbnail","","category-cinta-de-noticias","category-arabe-internacional-politica","category-internacionales","category-minuto-a-minuto","category-ultimas-noticias"],"_links":{"self":[{"href":"https:\/\/archive.sana.sy\/es\/index.php?rest_route=\/wp\/v2\/posts\/334649"}],"collection":[{"href":"https:\/\/archive.sana.sy\/es\/index.php?rest_route=\/wp\/v2\/posts"}],"about":[{"href":"https:\/\/archive.sana.sy\/es\/index.php?rest_route=\/wp\/v2\/types\/post"}],"author":[{"embeddable":true,"href":"https:\/\/archive.sana.sy\/es\/index.php?rest_route=\/wp\/v2\/users\/39"}],"replies":[{"embeddable":true,"href":"https:\/\/archive.sana.sy\/es\/index.php?rest_route=%2Fwp%2Fv2%2Fcomments&post=334649"}],"version-history":[{"count":2,"href":"https:\/\/archive.sana.sy\/es\/index.php?rest_route=\/wp\/v2\/posts\/334649\/revisions"}],"predecessor-version":[{"id":334652,"href":"https:\/\/archive.sana.sy\/es\/index.php?rest_route=\/wp\/v2\/posts\/334649\/revisions\/334652"}],"wp:featuredmedia":[{"embeddable":true,"href":"https:\/\/archive.sana.sy\/es\/index.php?rest_route=\/wp\/v2\/media\/334650"}],"wp:attachment":[{"href":"https:\/\/archive.sana.sy\/es\/index.php?rest_route=%2Fwp%2Fv2%2Fmedia&parent=334649"}],"wp:term":[{"taxonomy":"category","embeddable":true,"href":"https:\/\/archive.sana.sy\/es\/index.php?rest_route=%2Fwp%2Fv2%2Fcategories&post=334649"},{"taxonomy":"post_tag","embeddable":true,"href":"https:\/\/archive.sana.sy\/es\/index.php?rest_route=%2Fwp%2Fv2%2Ftags&post=334649"}],"curies":[{"name":"wp","href":"https:\/\/api.w.org\/{rel}","templated":true}]}}