{"id":334653,"date":"2024-07-26T15:16:58","date_gmt":"2024-07-26T12:16:58","guid":{"rendered":"https:\/\/sana.sy\/es\/?p=334653"},"modified":"2024-07-26T15:16:58","modified_gmt":"2024-07-26T12:16:58","slug":"el-aeropuerto-franco-suizo-de-basilea-mulhouse-es-evacuado-por-cuestiones-de-seguridad","status":"publish","type":"post","link":"https:\/\/archive.sana.sy\/es\/?p=334653","title":{"rendered":"El aeropuerto franco-suizo de Basilea-Mulhouse es evacuado por cuestiones de seguridad"},"content":{"rendered":"<p style=\"text-align: justify;\"><span style=\"color: #800000;\"><strong>Par\u00eds, 26 jul (SANA)<\/strong> <\/span>El aeropuerto de Basilea-Mulhouse, en la frontera franco-suiza, ha sido evacuado hoy por motivos de seguridad.<\/p>\n<p style=\"text-align: justify;\">&#8220;Por razones de seguridad, el referido aeropuerto fue evacuado y ahora est\u00e1 cerrado. Les proporcionaremos informaci\u00f3n m\u00e1s completa m\u00e1s adelante&#8221;, anunci\u00f3 hoy la direcci\u00f3n del aeropuerto suizo-franc\u00e9s en un comunicado, seg\u00fan la Agencia France-Presse.<\/p>\n<p style=\"text-align: justify;\">En v\u00edsperas, la compa\u00f1\u00eda ferroviaria francesa SNCF fue objeto de un ataque masivo y generalizado destinado a paralizar la red de trenes de alta velocidad, horas antes de la ceremonia inaugural de los Juegos Ol\u00edmpicos en Par\u00eds.<\/p>\n<p style=\"text-align: justify;\">sm<\/p>\n","protected":false},"excerpt":{"rendered":"<p>Par\u00eds, 26 jul (SANA) El aeropuerto de Basilea-Mulhouse, en la frontera franco-suiza, ha sido evacuado hoy por motivos de seguridad. &#8220;Por razones de seguridad, el referido aeropuerto fue evacuado y ahora est\u00e1 cerrado. Les proporcionaremos informaci\u00f3n m\u00e1s completa m\u00e1s adelante&#8221;, anunci\u00f3 hoy la direcci\u00f3n del aeropuerto suizo-franc\u00e9s en un comunicado, seg\u00fan la Agencia France-Presse. En &hellip;<\/p>\n","protected":false},"author":39,"featured_media":334654,"comment_status":"closed","ping_status":"closed","sticky":false,"template":"","format":"standard","meta":{"footnotes":""},"categories":[597,456,16687,20724,7541],"tags":[],"class_list":["post-334653","post","type-post","status-publish","format-standard","has-post-thumbnail","","category-cinta-de-noticias","category-arabe-internacional-politica","category-internacionales","category-minuto-a-minuto","category-ultimas-noticias"],"_links":{"self":[{"href":"https:\/\/archive.sana.sy\/es\/index.php?rest_route=\/wp\/v2\/posts\/334653"}],"collection":[{"href":"https:\/\/archive.sana.sy\/es\/index.php?rest_route=\/wp\/v2\/posts"}],"about":[{"href":"https:\/\/archive.sana.sy\/es\/index.php?rest_route=\/wp\/v2\/types\/post"}],"author":[{"embeddable":true,"href":"https:\/\/archive.sana.sy\/es\/index.php?rest_route=\/wp\/v2\/users\/39"}],"replies":[{"embeddable":true,"href":"https:\/\/archive.sana.sy\/es\/index.php?rest_route=%2Fwp%2Fv2%2Fcomments&post=334653"}],"version-history":[{"count":1,"href":"https:\/\/archive.sana.sy\/es\/index.php?rest_route=\/wp\/v2\/posts\/334653\/revisions"}],"predecessor-version":[{"id":334655,"href":"https:\/\/archive.sana.sy\/es\/index.php?rest_route=\/wp\/v2\/posts\/334653\/revisions\/334655"}],"wp:featuredmedia":[{"embeddable":true,"href":"https:\/\/archive.sana.sy\/es\/index.php?rest_route=\/wp\/v2\/media\/334654"}],"wp:attachment":[{"href":"https:\/\/archive.sana.sy\/es\/index.php?rest_route=%2Fwp%2Fv2%2Fmedia&parent=334653"}],"wp:term":[{"taxonomy":"category","embeddable":true,"href":"https:\/\/archive.sana.sy\/es\/index.php?rest_route=%2Fwp%2Fv2%2Fcategories&post=334653"},{"taxonomy":"post_tag","embeddable":true,"href":"https:\/\/archive.sana.sy\/es\/index.php?rest_route=%2Fwp%2Fv2%2Ftags&post=334653"}],"curies":[{"name":"wp","href":"https:\/\/api.w.org\/{rel}","templated":true}]}}