{"id":334656,"date":"2024-07-26T17:00:23","date_gmt":"2024-07-26T14:00:23","guid":{"rendered":"https:\/\/sana.sy\/es\/?p=334656"},"modified":"2024-07-26T17:07:08","modified_gmt":"2024-07-26T14:07:08","slug":"ejercito-ruso-bombardea-un-almacen-de-las-fuerzas-ucranianas-y-destruye-armas-occidentales","status":"publish","type":"post","link":"https:\/\/archive.sana.sy\/es\/?p=334656","title":{"rendered":"Ej\u00e9rcito ruso bombardea un almac\u00e9n de las fuerzas ucranianas y destruye armas occidentales"},"content":{"rendered":"<p style=\"text-align: justify;\"><span style=\"color: #800000;\"><strong>Mosc\u00fa, 26 Jul (SANA)<\/strong><\/span> El Ministerio de Defensa ruso anunci\u00f3 \u00a0que las fuerzas rusas atacaron un almac\u00e9n de artiller\u00eda y misiles del r\u00e9gimen de Kiev en Kramatorsk, en la Rep\u00fablica Popular de Donetsk.<\/p>\n<p style=\"text-align: justify;\">\u201cEl sistema de misiles t\u00e1cticos \u201cIskander-M\u201d \u00a0de las Fuerzas Armadas rusas llev\u00f3 a cabo un ataque con misiles contra un almac\u00e9n de misiles y artiller\u00eda ucraniano perteneciente a la 56\u00aa Brigada de Infanter\u00eda Mecanizada&#8221;, declar\u00f3 la referida entidad en un comunicado, seg\u00fan Rusia Hoy.<\/p>\n<p style=\"text-align: justify;\">Agreg\u00f3 que, adem\u00e1s fue bombardeado un sitio camuflado para armas de artiller\u00eda y veh\u00edculos blindados en la zona industrial de Kramatorsk.<\/p>\n<p style=\"text-align: justify;\">Detall\u00f3 que el ataque result\u00f3 en la destrucci\u00f3n de un lanzamisiles Himars de fabricaci\u00f3n estadounidense, cinco lanzacohetes Grad, cinco tanques y unos diez veh\u00edculos blindados de combate.<\/p>\n<p style=\"text-align: justify;\">ahs\/sm<\/p>\n","protected":false},"excerpt":{"rendered":"<p>Mosc\u00fa, 26 Jul (SANA) El Ministerio de Defensa ruso anunci\u00f3 \u00a0que las fuerzas rusas atacaron un almac\u00e9n de artiller\u00eda y misiles del r\u00e9gimen de Kiev en Kramatorsk, en la Rep\u00fablica Popular de Donetsk. \u201cEl sistema de misiles t\u00e1cticos \u201cIskander-M\u201d \u00a0de las Fuerzas Armadas rusas llev\u00f3 a cabo un ataque con misiles contra un almac\u00e9n de &hellip;<\/p>\n","protected":false},"author":39,"featured_media":334657,"comment_status":"closed","ping_status":"closed","sticky":false,"template":"","format":"standard","meta":{"footnotes":""},"categories":[597,456,16687,7541],"tags":[],"class_list":["post-334656","post","type-post","status-publish","format-standard","has-post-thumbnail","","category-cinta-de-noticias","category-arabe-internacional-politica","category-internacionales","category-ultimas-noticias"],"_links":{"self":[{"href":"https:\/\/archive.sana.sy\/es\/index.php?rest_route=\/wp\/v2\/posts\/334656"}],"collection":[{"href":"https:\/\/archive.sana.sy\/es\/index.php?rest_route=\/wp\/v2\/posts"}],"about":[{"href":"https:\/\/archive.sana.sy\/es\/index.php?rest_route=\/wp\/v2\/types\/post"}],"author":[{"embeddable":true,"href":"https:\/\/archive.sana.sy\/es\/index.php?rest_route=\/wp\/v2\/users\/39"}],"replies":[{"embeddable":true,"href":"https:\/\/archive.sana.sy\/es\/index.php?rest_route=%2Fwp%2Fv2%2Fcomments&post=334656"}],"version-history":[{"count":4,"href":"https:\/\/archive.sana.sy\/es\/index.php?rest_route=\/wp\/v2\/posts\/334656\/revisions"}],"predecessor-version":[{"id":334661,"href":"https:\/\/archive.sana.sy\/es\/index.php?rest_route=\/wp\/v2\/posts\/334656\/revisions\/334661"}],"wp:featuredmedia":[{"embeddable":true,"href":"https:\/\/archive.sana.sy\/es\/index.php?rest_route=\/wp\/v2\/media\/334657"}],"wp:attachment":[{"href":"https:\/\/archive.sana.sy\/es\/index.php?rest_route=%2Fwp%2Fv2%2Fmedia&parent=334656"}],"wp:term":[{"taxonomy":"category","embeddable":true,"href":"https:\/\/archive.sana.sy\/es\/index.php?rest_route=%2Fwp%2Fv2%2Fcategories&post=334656"},{"taxonomy":"post_tag","embeddable":true,"href":"https:\/\/archive.sana.sy\/es\/index.php?rest_route=%2Fwp%2Fv2%2Ftags&post=334656"}],"curies":[{"name":"wp","href":"https:\/\/api.w.org\/{rel}","templated":true}]}}